{"id":11973,"date":"2024-11-12T11:04:07","date_gmt":"2024-11-12T10:04:07","guid":{"rendered":"https:\/\/unesco.cultura.gov.it\/?p=11973"},"modified":"2025-08-12T16:20:07","modified_gmt":"2025-08-12T14:20:07","slug":"citta-creative-2025","status":"publish","type":"post","link":"https:\/\/unesco.cultura.gov.it\/en\/news\/citta-creative-2025\/","title":{"rendered":"Pubblicato il bando 2025 per le Citt\u00e0 Creative dell\u2019UNESCO"},"content":{"rendered":"\n<h2 class=\"wp-block-heading\">Il termine per presentare la richiesta di <em>endorsement<\/em> da parte della Commissione Nazionale Italiana per l\u2019UNESCO \u00e8 fissato al 10 gennaio 2025<\/h2>\n\n\n\n<p>In occasione della Giornata Mondiale delle Citt\u00e0, \u00e8 stato pubblicato il bando 2025 per le Citt\u00e0 Creative, il programma UNESCO che mira a rafforzare la cooperazione tra le citt\u00e0 che hanno riconosciuto la creativit\u00e0 come fattore strategico dello sviluppo sostenibile in ambito economico, sociale, culturale e ambientale. I settori creativi trattati dalla Rete sono: Architettura, Artigianato e Arte Popolare, Design, Cinema, Gastronomia, Letteratura, Media Arts e Musica.<\/p>\n\n\n\n<p>Le citt\u00e0 interessate sono invitate a presentare entro il 10 gennaio 2025 le loro <a href=\"https:\/\/www.unesco.org\/sites\/default\/files\/medias\/fichiers\/2024\/10\/Online%20Application%20Form%20-%202025%20UCCN%20Call%20-%20EN.pdf?hub=80094\" target=\"_blank\" rel=\"noreferrer noopener\">Application Form<\/a>, compilate seguendo le indicazioni delle&nbsp;<a href=\"https:\/\/www.unesco.org\/sites\/default\/files\/medias\/fichiers\/2024\/10\/2025%20UCCN%20Application%20Guidelines%20-%20EN.pdf?hub=80094\" target=\"_blank\" rel=\"noreferrer noopener\">Application Guidelines<\/a>,&nbsp;alla Commissione Nazionale Italiana per l\u2019UNESCO. Quest\u2019ultima provveder\u00e0 a selezionare le due migliori candidature e a predisporre le relative lettere di sostegno. Le due citt\u00e0 selezionate dovranno presentare le loro candidature tramite la piattaforma online entro il 31 gennaio 2025.<\/p>\n\n\n\n<p>Per ulteriori informazioni si invita a visitare la pagina &nbsp;<a href=\"https:\/\/www.unesco.it\/it\/news\/pubblicato-il-bando-2025-per-le-citta-creative-dellunesco-il-termine-per-presentare-le-candidature-alla-commissione-nazionale-italiana-per-lunesco-scade-il-10-gennaio-2025\/\">https:\/\/www.unesco.it\/it\/news\/pubblicato-il-bando-2025-per-le-citta-creative-dellunesco-il-termine-per-presentare-le-candidature-alla-commissione-nazionale-italiana-per-lunesco-scade-il-10-gennaio-2025\/<\/a><\/p>\n","protected":false},"excerpt":{"rendered":"<p>Il termine per presentare la richiesta di endorsement da parte della Commissione Nazionale Italiana per l\u2019UNESCO \u00e8 fissato [&hellip;]<\/p>\n","protected":false},"author":12,"featured_media":11974,"comment_status":"closed","ping_status":"closed","sticky":false,"template":"","format":"standard","meta":{"_acf_changed":false,"footnotes":""},"categories":[82,2],"tags":[374,373,353],"class_list":["post-11973","post","type-post","status-publish","format-standard","has-post-thumbnail","hentry","category-advise","category-news","tag-374","tag-creative-cities","tag-unesco"],"acf":[],"yoast_head":"<!-- This site is optimized with the Yoast SEO plugin v26.7 - https:\/\/yoast.com\/wordpress\/plugins\/seo\/ -->\n<title>Pubblicato il bando 2025 per le Citt\u00e0 Creative dell\u2019UNESCO - Unesco Beni Culturali<\/title>\n<meta name=\"description\" content=\"\u00c8 stato pubblicato il bando 2025 per le Citt\u00e0 Creative, il programma UNESCO che mira a rafforzare la cooperazione tra le citt\u00e0 che hanno riconosciuto la creativit\u00e0 come fattore strategico.\" \/>\n<meta name=\"robots\" content=\"index, follow, max-snippet:-1, max-image-preview:large, max-video-preview:-1\" \/>\n<link rel=\"canonical\" href=\"https:\/\/unesco.cultura.gov.it\/en\/news\/citta-creative-2025\/\" \/>\n<meta property=\"og:locale\" content=\"en_US\" \/>\n<meta property=\"og:type\" content=\"article\" \/>\n<meta property=\"og:title\" content=\"Pubblicato il bando 2025 per le Citt\u00e0 Creative dell\u2019UNESCO - Unesco Beni Culturali\" \/>\n<meta property=\"og:description\" content=\"\u00c8 stato pubblicato il bando 2025 per le Citt\u00e0 Creative, il programma UNESCO che mira a rafforzare la cooperazione tra le citt\u00e0 che hanno riconosciuto la creativit\u00e0 come fattore strategico.\" \/>\n<meta property=\"og:url\" content=\"https:\/\/unesco.cultura.gov.it\/en\/news\/citta-creative-2025\/\" \/>\n<meta property=\"og:site_name\" content=\"Unesco Beni Culturali\" \/>\n<meta property=\"article:published_time\" content=\"2024-11-12T10:04:07+00:00\" \/>\n<meta property=\"article:modified_time\" content=\"2025-08-12T14:20:07+00:00\" \/>\n<meta property=\"og:image\" content=\"https:\/\/unesco.cultura.gov.it\/wp-content\/uploads\/2024\/11\/Immagine_whc.webp\" \/>\n\t<meta property=\"og:image:width\" content=\"800\" \/>\n\t<meta property=\"og:image:height\" content=\"406\" \/>\n\t<meta property=\"og:image:type\" content=\"image\/webp\" \/>\n<meta name=\"author\" content=\"francesca conte\" \/>\n<meta name=\"twitter:card\" content=\"summary_large_image\" \/>\n<meta name=\"twitter:label1\" content=\"Written by\" \/>\n\t<meta name=\"twitter:data1\" content=\"francesca conte\" \/>\n\t<meta name=\"twitter:label2\" content=\"Est. reading time\" \/>\n\t<meta name=\"twitter:data2\" content=\"2 minutes\" \/>\n<script type=\"application\/ld+json\" class=\"yoast-schema-graph\">{\"@context\":\"https:\/\/schema.org\",\"@graph\":[{\"@type\":\"Article\",\"@id\":\"https:\/\/unesco.cultura.gov.it\/en\/news\/citta-creative-2025\/#article\",\"isPartOf\":{\"@id\":\"https:\/\/unesco.cultura.gov.it\/en\/news\/citta-creative-2025\/\"},\"author\":{\"name\":\"francesca conte\",\"@id\":\"https:\/\/unesco.cultura.gov.it\/en\/#\/schema\/person\/210d478d18b9ae8fcea65871622edb83\"},\"headline\":\"Pubblicato il bando 2025 per le Citt\u00e0 Creative dell\u2019UNESCO\",\"datePublished\":\"2024-11-12T10:04:07+00:00\",\"dateModified\":\"2025-08-12T14:20:07+00:00\",\"mainEntityOfPage\":{\"@id\":\"https:\/\/unesco.cultura.gov.it\/en\/news\/citta-creative-2025\/\"},\"wordCount\":176,\"image\":{\"@id\":\"https:\/\/unesco.cultura.gov.it\/en\/news\/citta-creative-2025\/#primaryimage\"},\"thumbnailUrl\":\"https:\/\/unesco.cultura.gov.it\/wp-content\/uploads\/2024\/11\/Immagine_whc.webp\",\"keywords\":[\"2025\",\"Creative Cities\",\"UNESCO\"],\"articleSection\":[\"avvisi\",\"News\"],\"inLanguage\":\"en-US\"},{\"@type\":\"WebPage\",\"@id\":\"https:\/\/unesco.cultura.gov.it\/en\/news\/citta-creative-2025\/\",\"url\":\"https:\/\/unesco.cultura.gov.it\/en\/news\/citta-creative-2025\/\",\"name\":\"Pubblicato il bando 2025 per le Citt\u00e0 Creative dell\u2019UNESCO - Unesco Beni Culturali\",\"isPartOf\":{\"@id\":\"https:\/\/unesco.cultura.gov.it\/en\/#website\"},\"primaryImageOfPage\":{\"@id\":\"https:\/\/unesco.cultura.gov.it\/en\/news\/citta-creative-2025\/#primaryimage\"},\"image\":{\"@id\":\"https:\/\/unesco.cultura.gov.it\/en\/news\/citta-creative-2025\/#primaryimage\"},\"thumbnailUrl\":\"https:\/\/unesco.cultura.gov.it\/wp-content\/uploads\/2024\/11\/Immagine_whc.webp\",\"datePublished\":\"2024-11-12T10:04:07+00:00\",\"dateModified\":\"2025-08-12T14:20:07+00:00\",\"author\":{\"@id\":\"https:\/\/unesco.cultura.gov.it\/en\/#\/schema\/person\/210d478d18b9ae8fcea65871622edb83\"},\"description\":\"\u00c8 stato pubblicato il bando 2025 per le Citt\u00e0 Creative, il programma UNESCO che mira a rafforzare la cooperazione tra le citt\u00e0 che hanno riconosciuto la creativit\u00e0 come fattore strategico.\",\"breadcrumb\":{\"@id\":\"https:\/\/unesco.cultura.gov.it\/en\/news\/citta-creative-2025\/#breadcrumb\"},\"inLanguage\":\"en-US\",\"potentialAction\":[{\"@type\":\"ReadAction\",\"target\":[\"https:\/\/unesco.cultura.gov.it\/en\/news\/citta-creative-2025\/\"]}]},{\"@type\":\"ImageObject\",\"inLanguage\":\"en-US\",\"@id\":\"https:\/\/unesco.cultura.gov.it\/en\/news\/citta-creative-2025\/#primaryimage\",\"url\":\"https:\/\/unesco.cultura.gov.it\/wp-content\/uploads\/2024\/11\/Immagine_whc.webp\",\"contentUrl\":\"https:\/\/unesco.cultura.gov.it\/wp-content\/uploads\/2024\/11\/Immagine_whc.webp\",\"width\":800,\"height\":406},{\"@type\":\"BreadcrumbList\",\"@id\":\"https:\/\/unesco.cultura.gov.it\/en\/news\/citta-creative-2025\/#breadcrumb\",\"itemListElement\":[{\"@type\":\"ListItem\",\"position\":1,\"name\":\"Home\",\"item\":\"https:\/\/unesco.cultura.gov.it\/en\/\"},{\"@type\":\"ListItem\",\"position\":2,\"name\":\"News\",\"item\":\"https:\/\/unesco.cultura.gov.it\/en\/category\/news\/\"},{\"@type\":\"ListItem\",\"position\":3,\"name\":\"Pubblicato il bando 2025 per le Citt\u00e0 Creative dell\u2019UNESCO\"}]},{\"@type\":\"WebSite\",\"@id\":\"https:\/\/unesco.cultura.gov.it\/en\/#website\",\"url\":\"https:\/\/unesco.cultura.gov.it\/en\/\",\"name\":\"Unesco Beni Culturali\",\"description\":\"Ufficio UNESCO\",\"potentialAction\":[{\"@type\":\"SearchAction\",\"target\":{\"@type\":\"EntryPoint\",\"urlTemplate\":\"https:\/\/unesco.cultura.gov.it\/en\/?s={search_term_string}\"},\"query-input\":{\"@type\":\"PropertyValueSpecification\",\"valueRequired\":true,\"valueName\":\"search_term_string\"}}],\"inLanguage\":\"en-US\"},{\"@type\":\"Person\",\"@id\":\"https:\/\/unesco.cultura.gov.it\/en\/#\/schema\/person\/210d478d18b9ae8fcea65871622edb83\",\"name\":\"francesca conte\",\"url\":\"https:\/\/unesco.cultura.gov.it\/en\/author\/francesca\/\"}]}<\/script>\n<!-- \/ Yoast SEO plugin. -->","yoast_head_json":{"title":"Pubblicato il bando 2025 per le Citt\u00e0 Creative dell\u2019UNESCO - Unesco Beni Culturali","description":"\u00c8 stato pubblicato il bando 2025 per le Citt\u00e0 Creative, il programma UNESCO che mira a rafforzare la cooperazione tra le citt\u00e0 che hanno riconosciuto la creativit\u00e0 come fattore strategico.","robots":{"index":"index","follow":"follow","max-snippet":"max-snippet:-1","max-image-preview":"max-image-preview:large","max-video-preview":"max-video-preview:-1"},"canonical":"https:\/\/unesco.cultura.gov.it\/en\/news\/citta-creative-2025\/","og_locale":"en_US","og_type":"article","og_title":"Pubblicato il bando 2025 per le Citt\u00e0 Creative dell\u2019UNESCO - Unesco Beni Culturali","og_description":"\u00c8 stato pubblicato il bando 2025 per le Citt\u00e0 Creative, il programma UNESCO che mira a rafforzare la cooperazione tra le citt\u00e0 che hanno riconosciuto la creativit\u00e0 come fattore strategico.","og_url":"https:\/\/unesco.cultura.gov.it\/en\/news\/citta-creative-2025\/","og_site_name":"Unesco Beni Culturali","article_published_time":"2024-11-12T10:04:07+00:00","article_modified_time":"2025-08-12T14:20:07+00:00","og_image":[{"width":800,"height":406,"url":"https:\/\/unesco.cultura.gov.it\/wp-content\/uploads\/2024\/11\/Immagine_whc.webp","type":"image\/webp"}],"author":"francesca conte","twitter_card":"summary_large_image","twitter_misc":{"Written by":"francesca conte","Est. reading time":"2 minutes"},"schema":{"@context":"https:\/\/schema.org","@graph":[{"@type":"Article","@id":"https:\/\/unesco.cultura.gov.it\/en\/news\/citta-creative-2025\/#article","isPartOf":{"@id":"https:\/\/unesco.cultura.gov.it\/en\/news\/citta-creative-2025\/"},"author":{"name":"francesca conte","@id":"https:\/\/unesco.cultura.gov.it\/en\/#\/schema\/person\/210d478d18b9ae8fcea65871622edb83"},"headline":"Pubblicato il bando 2025 per le Citt\u00e0 Creative dell\u2019UNESCO","datePublished":"2024-11-12T10:04:07+00:00","dateModified":"2025-08-12T14:20:07+00:00","mainEntityOfPage":{"@id":"https:\/\/unesco.cultura.gov.it\/en\/news\/citta-creative-2025\/"},"wordCount":176,"image":{"@id":"https:\/\/unesco.cultura.gov.it\/en\/news\/citta-creative-2025\/#primaryimage"},"thumbnailUrl":"https:\/\/unesco.cultura.gov.it\/wp-content\/uploads\/2024\/11\/Immagine_whc.webp","keywords":["2025","Creative Cities","UNESCO"],"articleSection":["avvisi","News"],"inLanguage":"en-US"},{"@type":"WebPage","@id":"https:\/\/unesco.cultura.gov.it\/en\/news\/citta-creative-2025\/","url":"https:\/\/unesco.cultura.gov.it\/en\/news\/citta-creative-2025\/","name":"Pubblicato il bando 2025 per le Citt\u00e0 Creative dell\u2019UNESCO - Unesco Beni Culturali","isPartOf":{"@id":"https:\/\/unesco.cultura.gov.it\/en\/#website"},"primaryImageOfPage":{"@id":"https:\/\/unesco.cultura.gov.it\/en\/news\/citta-creative-2025\/#primaryimage"},"image":{"@id":"https:\/\/unesco.cultura.gov.it\/en\/news\/citta-creative-2025\/#primaryimage"},"thumbnailUrl":"https:\/\/unesco.cultura.gov.it\/wp-content\/uploads\/2024\/11\/Immagine_whc.webp","datePublished":"2024-11-12T10:04:07+00:00","dateModified":"2025-08-12T14:20:07+00:00","author":{"@id":"https:\/\/unesco.cultura.gov.it\/en\/#\/schema\/person\/210d478d18b9ae8fcea65871622edb83"},"description":"\u00c8 stato pubblicato il bando 2025 per le Citt\u00e0 Creative, il programma UNESCO che mira a rafforzare la cooperazione tra le citt\u00e0 che hanno riconosciuto la creativit\u00e0 come fattore strategico.","breadcrumb":{"@id":"https:\/\/unesco.cultura.gov.it\/en\/news\/citta-creative-2025\/#breadcrumb"},"inLanguage":"en-US","potentialAction":[{"@type":"ReadAction","target":["https:\/\/unesco.cultura.gov.it\/en\/news\/citta-creative-2025\/"]}]},{"@type":"ImageObject","inLanguage":"en-US","@id":"https:\/\/unesco.cultura.gov.it\/en\/news\/citta-creative-2025\/#primaryimage","url":"https:\/\/unesco.cultura.gov.it\/wp-content\/uploads\/2024\/11\/Immagine_whc.webp","contentUrl":"https:\/\/unesco.cultura.gov.it\/wp-content\/uploads\/2024\/11\/Immagine_whc.webp","width":800,"height":406},{"@type":"BreadcrumbList","@id":"https:\/\/unesco.cultura.gov.it\/en\/news\/citta-creative-2025\/#breadcrumb","itemListElement":[{"@type":"ListItem","position":1,"name":"Home","item":"https:\/\/unesco.cultura.gov.it\/en\/"},{"@type":"ListItem","position":2,"name":"News","item":"https:\/\/unesco.cultura.gov.it\/en\/category\/news\/"},{"@type":"ListItem","position":3,"name":"Pubblicato il bando 2025 per le Citt\u00e0 Creative dell\u2019UNESCO"}]},{"@type":"WebSite","@id":"https:\/\/unesco.cultura.gov.it\/en\/#website","url":"https:\/\/unesco.cultura.gov.it\/en\/","name":"Unesco Beni Culturali","description":"Ufficio UNESCO","potentialAction":[{"@type":"SearchAction","target":{"@type":"EntryPoint","urlTemplate":"https:\/\/unesco.cultura.gov.it\/en\/?s={search_term_string}"},"query-input":{"@type":"PropertyValueSpecification","valueRequired":true,"valueName":"search_term_string"}}],"inLanguage":"en-US"},{"@type":"Person","@id":"https:\/\/unesco.cultura.gov.it\/en\/#\/schema\/person\/210d478d18b9ae8fcea65871622edb83","name":"francesca conte","url":"https:\/\/unesco.cultura.gov.it\/en\/author\/francesca\/"}]}},"_links":{"self":[{"href":"https:\/\/unesco.cultura.gov.it\/en\/wp-json\/wp\/v2\/posts\/11973","targetHints":{"allow":["GET"]}}],"collection":[{"href":"https:\/\/unesco.cultura.gov.it\/en\/wp-json\/wp\/v2\/posts"}],"about":[{"href":"https:\/\/unesco.cultura.gov.it\/en\/wp-json\/wp\/v2\/types\/post"}],"author":[{"embeddable":true,"href":"https:\/\/unesco.cultura.gov.it\/en\/wp-json\/wp\/v2\/users\/12"}],"replies":[{"embeddable":true,"href":"https:\/\/unesco.cultura.gov.it\/en\/wp-json\/wp\/v2\/comments?post=11973"}],"version-history":[{"count":7,"href":"https:\/\/unesco.cultura.gov.it\/en\/wp-json\/wp\/v2\/posts\/11973\/revisions"}],"predecessor-version":[{"id":11988,"href":"https:\/\/unesco.cultura.gov.it\/en\/wp-json\/wp\/v2\/posts\/11973\/revisions\/11988"}],"wp:featuredmedia":[{"embeddable":true,"href":"https:\/\/unesco.cultura.gov.it\/en\/wp-json\/wp\/v2\/media\/11974"}],"wp:attachment":[{"href":"https:\/\/unesco.cultura.gov.it\/en\/wp-json\/wp\/v2\/media?parent=11973"}],"wp:term":[{"taxonomy":"category","embeddable":true,"href":"https:\/\/unesco.cultura.gov.it\/en\/wp-json\/wp\/v2\/categories?post=11973"},{"taxonomy":"post_tag","embeddable":true,"href":"https:\/\/unesco.cultura.gov.it\/en\/wp-json\/wp\/v2\/tags?post=11973"}],"curies":[{"name":"wp","href":"https:\/\/api.w.org\/{rel}","templated":true}]}}