{"id":11216,"date":"2023-04-13T22:38:26","date_gmt":"2023-04-13T20:38:26","guid":{"rendered":"https:\/\/www.unesco.cultura.gov.it\/?p=11216"},"modified":"2024-03-11T10:56:55","modified_gmt":"2024-03-11T09:56:55","slug":"mappia-unopera-darte-per-la-candidatura-della-via-appia-regina-viarum","status":"publish","type":"post","link":"https:\/\/unesco.cultura.gov.it\/en\/news\/mappia-unopera-darte-per-la-candidatura-della-via-appia-regina-viarum\/","title":{"rendered":"&#8220;MAppia&#8221;, un&#8217;opera d&#8217;arte per la candidatura della &#8220;Via Appia. Regina viarum&#8221;"},"content":{"rendered":"\n<p>Venerd\u00ec 14 aprile alle ore 15.15, a Benevento, nell\u2019Auditorium \u201cG. Vergineo\u201d, verr\u00e0 presentata al pubblico \u201cMappia\u201d un\u2019opera di Roberto Paci Dal\u00f2 per la richiesta di iscrizione della \u201cVia Appia. <em>Regina viarum<\/em>\u201d nella Lista del Patrimonio Mondiale UNESCO. Una candidatura italiana promossa per la prima volta direttamente dal Ministero della cultura e accompagnata, in modo sinora inedito, da un\u2019opera d\u2019arte.<\/p>\n\n\n\n<p>L\u2019artista e cartografo Roberto Paci Dal\u00f2 ha creato questa mappa, lunga oltre 9 metri, in formato leporello, ispirandosi alla Tabula Peutingeriana, copia medievale di un\u2019antica \u201ccarta stradale\u201d romana.<\/p>\n\n\n\n<p>Nell\u2019opera appaiono stilizzati i tracciati dell\u2019Appia Claudia e della Traiana, associati a una serie di luoghi, tecnologie, architetture, accadimenti storici, artistici e culturali che vengono raffigurati tramite il disegno, guardando in particolare alle miniature medievali, bizantine, persiane, armene e cinesi. L\u2019artista ha unito cos\u00ec nel suo operare le pratiche dello scriba e del miniaturista di monacale memoria, in un \u201cviaggio\u201d lungo l\u2019Appia che mette in evidenzia momenti salienti e persone\/personaggi apparsi nell\u2019arco di ventitr\u00e9 secoli fino ai giorni nostri, mostrando cos\u00ec tutta la vitalit\u00e0 e la straordinariet\u00e0 della Regina Viarum.<\/p>\n\n\n\n<p>\u201cMappia\u201d verr\u00e0 presentata nell\u2019ambito degli eventi organizzati dall&#8217;Associazione Culturale Interzona &#8211; APS per celebrare il ventennale della sua fondazione.<\/p>\n","protected":false},"excerpt":{"rendered":"<p>Venerd\u00ec 14 aprile alle ore 15.15, a Benevento, nell\u2019Auditorium \u201cG. Vergineo\u201d, verr\u00e0 presentata al pubblico \u201cMappia\u201d un\u2019opera di [&hellip;]<\/p>\n","protected":false},"author":1,"featured_media":11217,"comment_status":"closed","ping_status":"closed","sticky":false,"template":"","format":"standard","meta":{"_acf_changed":false,"footnotes":""},"categories":[81,2],"tags":[],"class_list":["post-11216","post","type-post","status-publish","format-standard","has-post-thumbnail","hentry","category-events","category-news"],"acf":[],"yoast_head":"<!-- This site is optimized with the Yoast SEO plugin v26.7 - https:\/\/yoast.com\/wordpress\/plugins\/seo\/ -->\n<title>&quot;MAppia&quot;, un&#039;opera d&#039;arte per la candidatura della &quot;Via Appia. Regina viarum&quot; - Unesco Beni Culturali<\/title>\n<meta name=\"robots\" content=\"index, follow, max-snippet:-1, max-image-preview:large, max-video-preview:-1\" \/>\n<link rel=\"canonical\" href=\"https:\/\/unesco.cultura.gov.it\/en\/news\/mappia-unopera-darte-per-la-candidatura-della-via-appia-regina-viarum\/\" \/>\n<meta property=\"og:locale\" content=\"en_US\" \/>\n<meta property=\"og:type\" content=\"article\" \/>\n<meta property=\"og:title\" content=\"&quot;MAppia&quot;, un&#039;opera d&#039;arte per la candidatura della &quot;Via Appia. Regina viarum&quot; - Unesco Beni Culturali\" \/>\n<meta property=\"og:description\" content=\"Venerd\u00ec 14 aprile alle ore 15.15, a Benevento, nell\u2019Auditorium \u201cG. Vergineo\u201d, verr\u00e0 presentata al pubblico \u201cMappia\u201d un\u2019opera di [&hellip;]\" \/>\n<meta property=\"og:url\" content=\"https:\/\/unesco.cultura.gov.it\/en\/news\/mappia-unopera-darte-per-la-candidatura-della-via-appia-regina-viarum\/\" \/>\n<meta property=\"og:site_name\" content=\"Unesco Beni Culturali\" \/>\n<meta property=\"article:published_time\" content=\"2023-04-13T20:38:26+00:00\" \/>\n<meta property=\"article:modified_time\" content=\"2024-03-11T09:56:55+00:00\" \/>\n<meta property=\"og:image\" content=\"https:\/\/unesco.cultura.gov.it\/wp-content\/uploads\/2023\/04\/1.jpg\" \/>\n\t<meta property=\"og:image:width\" content=\"1204\" \/>\n\t<meta property=\"og:image:height\" content=\"818\" \/>\n\t<meta property=\"og:image:type\" content=\"image\/jpeg\" \/>\n<meta name=\"author\" content=\"beniculturali\" \/>\n<meta name=\"twitter:card\" content=\"summary_large_image\" \/>\n<meta name=\"twitter:label1\" content=\"Written by\" \/>\n\t<meta name=\"twitter:data1\" content=\"beniculturali\" \/>\n\t<meta name=\"twitter:label2\" content=\"Est. reading time\" \/>\n\t<meta name=\"twitter:data2\" content=\"2 minutes\" \/>\n<script type=\"application\/ld+json\" class=\"yoast-schema-graph\">{\"@context\":\"https:\/\/schema.org\",\"@graph\":[{\"@type\":\"Article\",\"@id\":\"https:\/\/unesco.cultura.gov.it\/en\/news\/mappia-unopera-darte-per-la-candidatura-della-via-appia-regina-viarum\/#article\",\"isPartOf\":{\"@id\":\"https:\/\/unesco.cultura.gov.it\/en\/news\/mappia-unopera-darte-per-la-candidatura-della-via-appia-regina-viarum\/\"},\"author\":{\"name\":\"beniculturali\",\"@id\":\"https:\/\/unesco.cultura.gov.it\/en\/#\/schema\/person\/a3497ebce8b6bd0bd3bb8dcc2646fa0f\"},\"headline\":\"&#8220;MAppia&#8221;, un&#8217;opera d&#8217;arte per la candidatura della &#8220;Via Appia. Regina viarum&#8221;\",\"datePublished\":\"2023-04-13T20:38:26+00:00\",\"dateModified\":\"2024-03-11T09:56:55+00:00\",\"mainEntityOfPage\":{\"@id\":\"https:\/\/unesco.cultura.gov.it\/en\/news\/mappia-unopera-darte-per-la-candidatura-della-via-appia-regina-viarum\/\"},\"wordCount\":217,\"image\":{\"@id\":\"https:\/\/unesco.cultura.gov.it\/en\/news\/mappia-unopera-darte-per-la-candidatura-della-via-appia-regina-viarum\/#primaryimage\"},\"thumbnailUrl\":\"https:\/\/unesco.cultura.gov.it\/wp-content\/uploads\/2023\/04\/1.jpg\",\"articleSection\":[\"eventi\",\"News\"],\"inLanguage\":\"en-US\"},{\"@type\":\"WebPage\",\"@id\":\"https:\/\/unesco.cultura.gov.it\/en\/news\/mappia-unopera-darte-per-la-candidatura-della-via-appia-regina-viarum\/\",\"url\":\"https:\/\/unesco.cultura.gov.it\/en\/news\/mappia-unopera-darte-per-la-candidatura-della-via-appia-regina-viarum\/\",\"name\":\"\\\"MAppia\\\", un'opera d'arte per la candidatura della \\\"Via Appia. Regina viarum\\\" - Unesco Beni Culturali\",\"isPartOf\":{\"@id\":\"https:\/\/unesco.cultura.gov.it\/en\/#website\"},\"primaryImageOfPage\":{\"@id\":\"https:\/\/unesco.cultura.gov.it\/en\/news\/mappia-unopera-darte-per-la-candidatura-della-via-appia-regina-viarum\/#primaryimage\"},\"image\":{\"@id\":\"https:\/\/unesco.cultura.gov.it\/en\/news\/mappia-unopera-darte-per-la-candidatura-della-via-appia-regina-viarum\/#primaryimage\"},\"thumbnailUrl\":\"https:\/\/unesco.cultura.gov.it\/wp-content\/uploads\/2023\/04\/1.jpg\",\"datePublished\":\"2023-04-13T20:38:26+00:00\",\"dateModified\":\"2024-03-11T09:56:55+00:00\",\"author\":{\"@id\":\"https:\/\/unesco.cultura.gov.it\/en\/#\/schema\/person\/a3497ebce8b6bd0bd3bb8dcc2646fa0f\"},\"breadcrumb\":{\"@id\":\"https:\/\/unesco.cultura.gov.it\/en\/news\/mappia-unopera-darte-per-la-candidatura-della-via-appia-regina-viarum\/#breadcrumb\"},\"inLanguage\":\"en-US\",\"potentialAction\":[{\"@type\":\"ReadAction\",\"target\":[\"https:\/\/unesco.cultura.gov.it\/en\/news\/mappia-unopera-darte-per-la-candidatura-della-via-appia-regina-viarum\/\"]}]},{\"@type\":\"ImageObject\",\"inLanguage\":\"en-US\",\"@id\":\"https:\/\/unesco.cultura.gov.it\/en\/news\/mappia-unopera-darte-per-la-candidatura-della-via-appia-regina-viarum\/#primaryimage\",\"url\":\"https:\/\/unesco.cultura.gov.it\/wp-content\/uploads\/2023\/04\/1.jpg\",\"contentUrl\":\"https:\/\/unesco.cultura.gov.it\/wp-content\/uploads\/2023\/04\/1.jpg\",\"width\":1204,\"height\":818},{\"@type\":\"BreadcrumbList\",\"@id\":\"https:\/\/unesco.cultura.gov.it\/en\/news\/mappia-unopera-darte-per-la-candidatura-della-via-appia-regina-viarum\/#breadcrumb\",\"itemListElement\":[{\"@type\":\"ListItem\",\"position\":1,\"name\":\"Home\",\"item\":\"https:\/\/unesco.cultura.gov.it\/en\/\"},{\"@type\":\"ListItem\",\"position\":2,\"name\":\"News\",\"item\":\"https:\/\/unesco.cultura.gov.it\/en\/category\/news\/\"},{\"@type\":\"ListItem\",\"position\":3,\"name\":\"&#8220;MAppia&#8221;, un&#8217;opera d&#8217;arte per la candidatura della &#8220;Via Appia. Regina viarum&#8221;\"}]},{\"@type\":\"WebSite\",\"@id\":\"https:\/\/unesco.cultura.gov.it\/en\/#website\",\"url\":\"https:\/\/unesco.cultura.gov.it\/en\/\",\"name\":\"Unesco Beni Culturali\",\"description\":\"Ufficio UNESCO\",\"potentialAction\":[{\"@type\":\"SearchAction\",\"target\":{\"@type\":\"EntryPoint\",\"urlTemplate\":\"https:\/\/unesco.cultura.gov.it\/en\/?s={search_term_string}\"},\"query-input\":{\"@type\":\"PropertyValueSpecification\",\"valueRequired\":true,\"valueName\":\"search_term_string\"}}],\"inLanguage\":\"en-US\"},{\"@type\":\"Person\",\"@id\":\"https:\/\/unesco.cultura.gov.it\/en\/#\/schema\/person\/a3497ebce8b6bd0bd3bb8dcc2646fa0f\",\"name\":\"beniculturali\",\"url\":\"https:\/\/unesco.cultura.gov.it\/en\/author\/unesco\/\"}]}<\/script>\n<!-- \/ Yoast SEO plugin. -->","yoast_head_json":{"title":"\"MAppia\", un'opera d'arte per la candidatura della \"Via Appia. Regina viarum\" - Unesco Beni Culturali","robots":{"index":"index","follow":"follow","max-snippet":"max-snippet:-1","max-image-preview":"max-image-preview:large","max-video-preview":"max-video-preview:-1"},"canonical":"https:\/\/unesco.cultura.gov.it\/en\/news\/mappia-unopera-darte-per-la-candidatura-della-via-appia-regina-viarum\/","og_locale":"en_US","og_type":"article","og_title":"\"MAppia\", un'opera d'arte per la candidatura della \"Via Appia. Regina viarum\" - Unesco Beni Culturali","og_description":"Venerd\u00ec 14 aprile alle ore 15.15, a Benevento, nell\u2019Auditorium \u201cG. Vergineo\u201d, verr\u00e0 presentata al pubblico \u201cMappia\u201d un\u2019opera di [&hellip;]","og_url":"https:\/\/unesco.cultura.gov.it\/en\/news\/mappia-unopera-darte-per-la-candidatura-della-via-appia-regina-viarum\/","og_site_name":"Unesco Beni Culturali","article_published_time":"2023-04-13T20:38:26+00:00","article_modified_time":"2024-03-11T09:56:55+00:00","og_image":[{"width":1204,"height":818,"url":"https:\/\/unesco.cultura.gov.it\/wp-content\/uploads\/2023\/04\/1.jpg","type":"image\/jpeg"}],"author":"beniculturali","twitter_card":"summary_large_image","twitter_misc":{"Written by":"beniculturali","Est. reading time":"2 minutes"},"schema":{"@context":"https:\/\/schema.org","@graph":[{"@type":"Article","@id":"https:\/\/unesco.cultura.gov.it\/en\/news\/mappia-unopera-darte-per-la-candidatura-della-via-appia-regina-viarum\/#article","isPartOf":{"@id":"https:\/\/unesco.cultura.gov.it\/en\/news\/mappia-unopera-darte-per-la-candidatura-della-via-appia-regina-viarum\/"},"author":{"name":"beniculturali","@id":"https:\/\/unesco.cultura.gov.it\/en\/#\/schema\/person\/a3497ebce8b6bd0bd3bb8dcc2646fa0f"},"headline":"&#8220;MAppia&#8221;, un&#8217;opera d&#8217;arte per la candidatura della &#8220;Via Appia. Regina viarum&#8221;","datePublished":"2023-04-13T20:38:26+00:00","dateModified":"2024-03-11T09:56:55+00:00","mainEntityOfPage":{"@id":"https:\/\/unesco.cultura.gov.it\/en\/news\/mappia-unopera-darte-per-la-candidatura-della-via-appia-regina-viarum\/"},"wordCount":217,"image":{"@id":"https:\/\/unesco.cultura.gov.it\/en\/news\/mappia-unopera-darte-per-la-candidatura-della-via-appia-regina-viarum\/#primaryimage"},"thumbnailUrl":"https:\/\/unesco.cultura.gov.it\/wp-content\/uploads\/2023\/04\/1.jpg","articleSection":["eventi","News"],"inLanguage":"en-US"},{"@type":"WebPage","@id":"https:\/\/unesco.cultura.gov.it\/en\/news\/mappia-unopera-darte-per-la-candidatura-della-via-appia-regina-viarum\/","url":"https:\/\/unesco.cultura.gov.it\/en\/news\/mappia-unopera-darte-per-la-candidatura-della-via-appia-regina-viarum\/","name":"\"MAppia\", un'opera d'arte per la candidatura della \"Via Appia. Regina viarum\" - Unesco Beni Culturali","isPartOf":{"@id":"https:\/\/unesco.cultura.gov.it\/en\/#website"},"primaryImageOfPage":{"@id":"https:\/\/unesco.cultura.gov.it\/en\/news\/mappia-unopera-darte-per-la-candidatura-della-via-appia-regina-viarum\/#primaryimage"},"image":{"@id":"https:\/\/unesco.cultura.gov.it\/en\/news\/mappia-unopera-darte-per-la-candidatura-della-via-appia-regina-viarum\/#primaryimage"},"thumbnailUrl":"https:\/\/unesco.cultura.gov.it\/wp-content\/uploads\/2023\/04\/1.jpg","datePublished":"2023-04-13T20:38:26+00:00","dateModified":"2024-03-11T09:56:55+00:00","author":{"@id":"https:\/\/unesco.cultura.gov.it\/en\/#\/schema\/person\/a3497ebce8b6bd0bd3bb8dcc2646fa0f"},"breadcrumb":{"@id":"https:\/\/unesco.cultura.gov.it\/en\/news\/mappia-unopera-darte-per-la-candidatura-della-via-appia-regina-viarum\/#breadcrumb"},"inLanguage":"en-US","potentialAction":[{"@type":"ReadAction","target":["https:\/\/unesco.cultura.gov.it\/en\/news\/mappia-unopera-darte-per-la-candidatura-della-via-appia-regina-viarum\/"]}]},{"@type":"ImageObject","inLanguage":"en-US","@id":"https:\/\/unesco.cultura.gov.it\/en\/news\/mappia-unopera-darte-per-la-candidatura-della-via-appia-regina-viarum\/#primaryimage","url":"https:\/\/unesco.cultura.gov.it\/wp-content\/uploads\/2023\/04\/1.jpg","contentUrl":"https:\/\/unesco.cultura.gov.it\/wp-content\/uploads\/2023\/04\/1.jpg","width":1204,"height":818},{"@type":"BreadcrumbList","@id":"https:\/\/unesco.cultura.gov.it\/en\/news\/mappia-unopera-darte-per-la-candidatura-della-via-appia-regina-viarum\/#breadcrumb","itemListElement":[{"@type":"ListItem","position":1,"name":"Home","item":"https:\/\/unesco.cultura.gov.it\/en\/"},{"@type":"ListItem","position":2,"name":"News","item":"https:\/\/unesco.cultura.gov.it\/en\/category\/news\/"},{"@type":"ListItem","position":3,"name":"&#8220;MAppia&#8221;, un&#8217;opera d&#8217;arte per la candidatura della &#8220;Via Appia. Regina viarum&#8221;"}]},{"@type":"WebSite","@id":"https:\/\/unesco.cultura.gov.it\/en\/#website","url":"https:\/\/unesco.cultura.gov.it\/en\/","name":"Unesco Beni Culturali","description":"Ufficio UNESCO","potentialAction":[{"@type":"SearchAction","target":{"@type":"EntryPoint","urlTemplate":"https:\/\/unesco.cultura.gov.it\/en\/?s={search_term_string}"},"query-input":{"@type":"PropertyValueSpecification","valueRequired":true,"valueName":"search_term_string"}}],"inLanguage":"en-US"},{"@type":"Person","@id":"https:\/\/unesco.cultura.gov.it\/en\/#\/schema\/person\/a3497ebce8b6bd0bd3bb8dcc2646fa0f","name":"beniculturali","url":"https:\/\/unesco.cultura.gov.it\/en\/author\/unesco\/"}]}},"_links":{"self":[{"href":"https:\/\/unesco.cultura.gov.it\/en\/wp-json\/wp\/v2\/posts\/11216","targetHints":{"allow":["GET"]}}],"collection":[{"href":"https:\/\/unesco.cultura.gov.it\/en\/wp-json\/wp\/v2\/posts"}],"about":[{"href":"https:\/\/unesco.cultura.gov.it\/en\/wp-json\/wp\/v2\/types\/post"}],"author":[{"embeddable":true,"href":"https:\/\/unesco.cultura.gov.it\/en\/wp-json\/wp\/v2\/users\/1"}],"replies":[{"embeddable":true,"href":"https:\/\/unesco.cultura.gov.it\/en\/wp-json\/wp\/v2\/comments?post=11216"}],"version-history":[{"count":2,"href":"https:\/\/unesco.cultura.gov.it\/en\/wp-json\/wp\/v2\/posts\/11216\/revisions"}],"predecessor-version":[{"id":11473,"href":"https:\/\/unesco.cultura.gov.it\/en\/wp-json\/wp\/v2\/posts\/11216\/revisions\/11473"}],"wp:featuredmedia":[{"embeddable":true,"href":"https:\/\/unesco.cultura.gov.it\/en\/wp-json\/wp\/v2\/media\/11217"}],"wp:attachment":[{"href":"https:\/\/unesco.cultura.gov.it\/en\/wp-json\/wp\/v2\/media?parent=11216"}],"wp:term":[{"taxonomy":"category","embeddable":true,"href":"https:\/\/unesco.cultura.gov.it\/en\/wp-json\/wp\/v2\/categories?post=11216"},{"taxonomy":"post_tag","embeddable":true,"href":"https:\/\/unesco.cultura.gov.it\/en\/wp-json\/wp\/v2\/tags?post=11216"}],"curies":[{"name":"wp","href":"https:\/\/api.w.org\/{rel}","templated":true}]}}