{"id":10479,"date":"2021-12-05T14:44:31","date_gmt":"2021-12-05T13:44:31","guid":{"rendered":"https:\/\/www.unesco.cultura.gov.it\/?p=10479"},"modified":"2024-03-11T11:20:18","modified_gmt":"2024-03-11T10:20:18","slug":"conferenza-sunken-memories-the-protection-of-underwater-cultural-heritage-9-dicembre-2021","status":"publish","type":"post","link":"https:\/\/unesco.cultura.gov.it\/en\/news\/conferenza-sunken-memories-the-protection-of-underwater-cultural-heritage-9-dicembre-2021\/","title":{"rendered":"Conferenza \u201cSunken Memories. The protection of underwater cultural heritage\u201d &#8211; 9 dicembre 2021 &#8211; online"},"content":{"rendered":"\n<p>Il 2 novembre 2021  si \u00e8 celebrato l\u2019anniversario dell\u2019adozione della Convenzione UNESCO per la protezione del patrimonio culturale sommerso, un importante strumento giuridico che ha portato all\u2019attenzione internazionale la rilevanza di tale patrimonio, compiendo un notevole passo avanti sui principi di protezione delineati nella Convenzione delle Nazioni Unite sul Diritto del Mare.<\/p>\n\n\n\n<p>L\u2019Italia ha svolto un ruolo significativo nella nascita di questa Convenzione, non solo per l\u2019impegno fornito nella sua stesura, ma anche per il contributo dato allo sviluppo della moderna archeologia subacquea nella seconda met\u00e0 del XX secolo.<\/p>\n\n\n\n<p>Il ventennale della Convenzione offre l\u2019occasione di fare un bilancio sull\u2019efficacia della sua attuazione, soprattutto guardando all&#8217;esempio dell&#8217;Italia e prendendo in considerazione i limiti e le sfide all\u2019alba dell\u2019 <em>UN Decade of Ocean Science for Sustainable Development<\/em> (2021-2030).<\/p>\n\n\n\n<p>Il 2021 segna inoltre l\u2019inizio di un\u2019ulteriore fase nella vita della Convenzione 2001, grazie all\u2019avvio, per iniziativa dell\u2019Italia, del primo processo di cooperazione multi-laterale per la protezione del patrimonio culturale sommerso in acque internazionali, il Banco Skerki nel Canale di Sicilia, un sito emblematico per la sua ricchezza, luogo di memoria del Mediterraneo dall\u2019et\u00e0 romana fino ai nostri giorni.<\/p>\n\n\n\n<p>L\u2019iniziativa \u00e8 organizzata dal Ministero della Cultura in collaborazione con il Segretariato della Convenzione ed \u00e8 aperta sia al personale tecnico degli Enti coinvolti sia ad un pi\u00f9 ampio pubblico di esperti e portatori di interesse (Universit\u00e0, Musei, Amministrazioni locali, Autorit\u00e0 marittime).<\/p>\n\n\n\n<p>La Conferenza si terr\u00e0 in <strong>modalit\u00e0 digitale <\/strong>e potr\u00e0 essere seguita in <strong>diretta streaming<\/strong> sui canali Facebook e YouTube del MIC.  <\/p>\n\n\n\n\n<div id=\"download-block_f790ba6e60e4b5ddc8a3acbb99f32ce3\" class=\"download\">\n<div class=\"box-download bg-light px-3 py-4 my-4\">\n\n<a class=\"button\" href=\"https:\/\/unesco.cultura.gov.it\/wp-content\/uploads\/2021\/12\/Programma-Conferenza-2021-ITA-07_12-h_18.pdf\" target=\"_blank\">\n<div class=\"row\">\n\t<div class=\"col-md-auto col-3\"><i class=\"far fa-file-pdf\"><\/i><\/div>\n\t<div class=\"col-md col-9\"><h4>Documentazione<\/h4><p>Programma_9 dicembre 2021<\/p><\/div>\n\t\n\t<\/div>\n\n<\/a>\n\n<\/div>\n<\/div>\n\n\n\n\n","protected":false},"excerpt":{"rendered":"<p>Il 2 novembre 2021 si \u00e8 celebrato l\u2019anniversario dell\u2019adozione della Convenzione UNESCO per la protezione del patrimonio culturale [&hellip;]<\/p>\n","protected":false},"author":1,"featured_media":10526,"comment_status":"closed","ping_status":"closed","sticky":false,"template":"","format":"standard","meta":{"_acf_changed":false,"footnotes":""},"categories":[81,2],"tags":[],"class_list":["post-10479","post","type-post","status-publish","format-standard","has-post-thumbnail","hentry","category-events","category-news"],"acf":[],"yoast_head":"<!-- This site is optimized with the Yoast SEO plugin v26.7 - https:\/\/yoast.com\/wordpress\/plugins\/seo\/ -->\n<title>Conferenza \u201cSunken Memories. The protection of underwater cultural heritage\u201d - 9 dicembre 2021 - online - Unesco Beni Culturali<\/title>\n<meta name=\"robots\" content=\"index, follow, max-snippet:-1, max-image-preview:large, max-video-preview:-1\" \/>\n<link rel=\"canonical\" href=\"https:\/\/unesco.cultura.gov.it\/en\/news\/conferenza-sunken-memories-the-protection-of-underwater-cultural-heritage-9-dicembre-2021\/\" \/>\n<meta property=\"og:locale\" content=\"en_US\" \/>\n<meta property=\"og:type\" content=\"article\" \/>\n<meta property=\"og:title\" content=\"Conferenza \u201cSunken Memories. The protection of underwater cultural heritage\u201d - 9 dicembre 2021 - online - Unesco Beni Culturali\" \/>\n<meta property=\"og:description\" content=\"Il 2 novembre 2021 si \u00e8 celebrato l\u2019anniversario dell\u2019adozione della Convenzione UNESCO per la protezione del patrimonio culturale [&hellip;]\" \/>\n<meta property=\"og:url\" content=\"https:\/\/unesco.cultura.gov.it\/en\/news\/conferenza-sunken-memories-the-protection-of-underwater-cultural-heritage-9-dicembre-2021\/\" \/>\n<meta property=\"og:site_name\" content=\"Unesco Beni Culturali\" \/>\n<meta property=\"article:published_time\" content=\"2021-12-05T13:44:31+00:00\" \/>\n<meta property=\"article:modified_time\" content=\"2024-03-11T10:20:18+00:00\" \/>\n<meta property=\"og:image\" content=\"https:\/\/unesco.cultura.gov.it\/wp-content\/uploads\/2021\/12\/tappo-save-the-date_RevSP_21_12_03_page-0001-scaled.jpg\" \/>\n\t<meta property=\"og:image:width\" content=\"2560\" \/>\n\t<meta property=\"og:image:height\" content=\"1440\" \/>\n\t<meta property=\"og:image:type\" content=\"image\/jpeg\" \/>\n<meta name=\"author\" content=\"beniculturali\" \/>\n<meta name=\"twitter:card\" content=\"summary_large_image\" \/>\n<meta name=\"twitter:label1\" content=\"Written by\" \/>\n\t<meta name=\"twitter:data1\" content=\"beniculturali\" \/>\n\t<meta name=\"twitter:label2\" content=\"Est. reading time\" \/>\n\t<meta name=\"twitter:data2\" content=\"2 minutes\" \/>\n<script type=\"application\/ld+json\" class=\"yoast-schema-graph\">{\"@context\":\"https:\/\/schema.org\",\"@graph\":[{\"@type\":\"Article\",\"@id\":\"https:\/\/unesco.cultura.gov.it\/en\/news\/conferenza-sunken-memories-the-protection-of-underwater-cultural-heritage-9-dicembre-2021\/#article\",\"isPartOf\":{\"@id\":\"https:\/\/unesco.cultura.gov.it\/en\/news\/conferenza-sunken-memories-the-protection-of-underwater-cultural-heritage-9-dicembre-2021\/\"},\"author\":{\"name\":\"beniculturali\",\"@id\":\"https:\/\/unesco.cultura.gov.it\/en\/#\/schema\/person\/a3497ebce8b6bd0bd3bb8dcc2646fa0f\"},\"headline\":\"Conferenza \u201cSunken Memories. The protection of underwater cultural heritage\u201d &#8211; 9 dicembre 2021 &#8211; online\",\"datePublished\":\"2021-12-05T13:44:31+00:00\",\"dateModified\":\"2024-03-11T10:20:18+00:00\",\"mainEntityOfPage\":{\"@id\":\"https:\/\/unesco.cultura.gov.it\/en\/news\/conferenza-sunken-memories-the-protection-of-underwater-cultural-heritage-9-dicembre-2021\/\"},\"wordCount\":269,\"image\":{\"@id\":\"https:\/\/unesco.cultura.gov.it\/en\/news\/conferenza-sunken-memories-the-protection-of-underwater-cultural-heritage-9-dicembre-2021\/#primaryimage\"},\"thumbnailUrl\":\"https:\/\/unesco.cultura.gov.it\/wp-content\/uploads\/2021\/12\/tappo-save-the-date_RevSP_21_12_03_page-0001-scaled.jpg\",\"articleSection\":[\"eventi\",\"News\"],\"inLanguage\":\"en-US\"},{\"@type\":\"WebPage\",\"@id\":\"https:\/\/unesco.cultura.gov.it\/en\/news\/conferenza-sunken-memories-the-protection-of-underwater-cultural-heritage-9-dicembre-2021\/\",\"url\":\"https:\/\/unesco.cultura.gov.it\/en\/news\/conferenza-sunken-memories-the-protection-of-underwater-cultural-heritage-9-dicembre-2021\/\",\"name\":\"Conferenza \u201cSunken Memories. The protection of underwater cultural heritage\u201d - 9 dicembre 2021 - online - Unesco Beni Culturali\",\"isPartOf\":{\"@id\":\"https:\/\/unesco.cultura.gov.it\/en\/#website\"},\"primaryImageOfPage\":{\"@id\":\"https:\/\/unesco.cultura.gov.it\/en\/news\/conferenza-sunken-memories-the-protection-of-underwater-cultural-heritage-9-dicembre-2021\/#primaryimage\"},\"image\":{\"@id\":\"https:\/\/unesco.cultura.gov.it\/en\/news\/conferenza-sunken-memories-the-protection-of-underwater-cultural-heritage-9-dicembre-2021\/#primaryimage\"},\"thumbnailUrl\":\"https:\/\/unesco.cultura.gov.it\/wp-content\/uploads\/2021\/12\/tappo-save-the-date_RevSP_21_12_03_page-0001-scaled.jpg\",\"datePublished\":\"2021-12-05T13:44:31+00:00\",\"dateModified\":\"2024-03-11T10:20:18+00:00\",\"author\":{\"@id\":\"https:\/\/unesco.cultura.gov.it\/en\/#\/schema\/person\/a3497ebce8b6bd0bd3bb8dcc2646fa0f\"},\"breadcrumb\":{\"@id\":\"https:\/\/unesco.cultura.gov.it\/en\/news\/conferenza-sunken-memories-the-protection-of-underwater-cultural-heritage-9-dicembre-2021\/#breadcrumb\"},\"inLanguage\":\"en-US\",\"potentialAction\":[{\"@type\":\"ReadAction\",\"target\":[\"https:\/\/unesco.cultura.gov.it\/en\/news\/conferenza-sunken-memories-the-protection-of-underwater-cultural-heritage-9-dicembre-2021\/\"]}]},{\"@type\":\"ImageObject\",\"inLanguage\":\"en-US\",\"@id\":\"https:\/\/unesco.cultura.gov.it\/en\/news\/conferenza-sunken-memories-the-protection-of-underwater-cultural-heritage-9-dicembre-2021\/#primaryimage\",\"url\":\"https:\/\/unesco.cultura.gov.it\/wp-content\/uploads\/2021\/12\/tappo-save-the-date_RevSP_21_12_03_page-0001-scaled.jpg\",\"contentUrl\":\"https:\/\/unesco.cultura.gov.it\/wp-content\/uploads\/2021\/12\/tappo-save-the-date_RevSP_21_12_03_page-0001-scaled.jpg\",\"width\":2560,\"height\":1440},{\"@type\":\"BreadcrumbList\",\"@id\":\"https:\/\/unesco.cultura.gov.it\/en\/news\/conferenza-sunken-memories-the-protection-of-underwater-cultural-heritage-9-dicembre-2021\/#breadcrumb\",\"itemListElement\":[{\"@type\":\"ListItem\",\"position\":1,\"name\":\"Home\",\"item\":\"https:\/\/unesco.cultura.gov.it\/en\/\"},{\"@type\":\"ListItem\",\"position\":2,\"name\":\"News\",\"item\":\"https:\/\/unesco.cultura.gov.it\/en\/category\/news\/\"},{\"@type\":\"ListItem\",\"position\":3,\"name\":\"Conferenza \u201cSunken Memories. The protection of underwater cultural heritage\u201d &#8211; 9 dicembre 2021 &#8211; online\"}]},{\"@type\":\"WebSite\",\"@id\":\"https:\/\/unesco.cultura.gov.it\/en\/#website\",\"url\":\"https:\/\/unesco.cultura.gov.it\/en\/\",\"name\":\"Unesco Beni Culturali\",\"description\":\"Ufficio UNESCO\",\"potentialAction\":[{\"@type\":\"SearchAction\",\"target\":{\"@type\":\"EntryPoint\",\"urlTemplate\":\"https:\/\/unesco.cultura.gov.it\/en\/?s={search_term_string}\"},\"query-input\":{\"@type\":\"PropertyValueSpecification\",\"valueRequired\":true,\"valueName\":\"search_term_string\"}}],\"inLanguage\":\"en-US\"},{\"@type\":\"Person\",\"@id\":\"https:\/\/unesco.cultura.gov.it\/en\/#\/schema\/person\/a3497ebce8b6bd0bd3bb8dcc2646fa0f\",\"name\":\"beniculturali\",\"url\":\"https:\/\/unesco.cultura.gov.it\/en\/author\/unesco\/\"}]}<\/script>\n<!-- \/ Yoast SEO plugin. -->","yoast_head_json":{"title":"Conferenza \u201cSunken Memories. The protection of underwater cultural heritage\u201d - 9 dicembre 2021 - online - Unesco Beni Culturali","robots":{"index":"index","follow":"follow","max-snippet":"max-snippet:-1","max-image-preview":"max-image-preview:large","max-video-preview":"max-video-preview:-1"},"canonical":"https:\/\/unesco.cultura.gov.it\/en\/news\/conferenza-sunken-memories-the-protection-of-underwater-cultural-heritage-9-dicembre-2021\/","og_locale":"en_US","og_type":"article","og_title":"Conferenza \u201cSunken Memories. The protection of underwater cultural heritage\u201d - 9 dicembre 2021 - online - Unesco Beni Culturali","og_description":"Il 2 novembre 2021 si \u00e8 celebrato l\u2019anniversario dell\u2019adozione della Convenzione UNESCO per la protezione del patrimonio culturale [&hellip;]","og_url":"https:\/\/unesco.cultura.gov.it\/en\/news\/conferenza-sunken-memories-the-protection-of-underwater-cultural-heritage-9-dicembre-2021\/","og_site_name":"Unesco Beni Culturali","article_published_time":"2021-12-05T13:44:31+00:00","article_modified_time":"2024-03-11T10:20:18+00:00","og_image":[{"width":2560,"height":1440,"url":"https:\/\/unesco.cultura.gov.it\/wp-content\/uploads\/2021\/12\/tappo-save-the-date_RevSP_21_12_03_page-0001-scaled.jpg","type":"image\/jpeg"}],"author":"beniculturali","twitter_card":"summary_large_image","twitter_misc":{"Written by":"beniculturali","Est. reading time":"2 minutes"},"schema":{"@context":"https:\/\/schema.org","@graph":[{"@type":"Article","@id":"https:\/\/unesco.cultura.gov.it\/en\/news\/conferenza-sunken-memories-the-protection-of-underwater-cultural-heritage-9-dicembre-2021\/#article","isPartOf":{"@id":"https:\/\/unesco.cultura.gov.it\/en\/news\/conferenza-sunken-memories-the-protection-of-underwater-cultural-heritage-9-dicembre-2021\/"},"author":{"name":"beniculturali","@id":"https:\/\/unesco.cultura.gov.it\/en\/#\/schema\/person\/a3497ebce8b6bd0bd3bb8dcc2646fa0f"},"headline":"Conferenza \u201cSunken Memories. The protection of underwater cultural heritage\u201d &#8211; 9 dicembre 2021 &#8211; online","datePublished":"2021-12-05T13:44:31+00:00","dateModified":"2024-03-11T10:20:18+00:00","mainEntityOfPage":{"@id":"https:\/\/unesco.cultura.gov.it\/en\/news\/conferenza-sunken-memories-the-protection-of-underwater-cultural-heritage-9-dicembre-2021\/"},"wordCount":269,"image":{"@id":"https:\/\/unesco.cultura.gov.it\/en\/news\/conferenza-sunken-memories-the-protection-of-underwater-cultural-heritage-9-dicembre-2021\/#primaryimage"},"thumbnailUrl":"https:\/\/unesco.cultura.gov.it\/wp-content\/uploads\/2021\/12\/tappo-save-the-date_RevSP_21_12_03_page-0001-scaled.jpg","articleSection":["eventi","News"],"inLanguage":"en-US"},{"@type":"WebPage","@id":"https:\/\/unesco.cultura.gov.it\/en\/news\/conferenza-sunken-memories-the-protection-of-underwater-cultural-heritage-9-dicembre-2021\/","url":"https:\/\/unesco.cultura.gov.it\/en\/news\/conferenza-sunken-memories-the-protection-of-underwater-cultural-heritage-9-dicembre-2021\/","name":"Conferenza \u201cSunken Memories. The protection of underwater cultural heritage\u201d - 9 dicembre 2021 - online - Unesco Beni Culturali","isPartOf":{"@id":"https:\/\/unesco.cultura.gov.it\/en\/#website"},"primaryImageOfPage":{"@id":"https:\/\/unesco.cultura.gov.it\/en\/news\/conferenza-sunken-memories-the-protection-of-underwater-cultural-heritage-9-dicembre-2021\/#primaryimage"},"image":{"@id":"https:\/\/unesco.cultura.gov.it\/en\/news\/conferenza-sunken-memories-the-protection-of-underwater-cultural-heritage-9-dicembre-2021\/#primaryimage"},"thumbnailUrl":"https:\/\/unesco.cultura.gov.it\/wp-content\/uploads\/2021\/12\/tappo-save-the-date_RevSP_21_12_03_page-0001-scaled.jpg","datePublished":"2021-12-05T13:44:31+00:00","dateModified":"2024-03-11T10:20:18+00:00","author":{"@id":"https:\/\/unesco.cultura.gov.it\/en\/#\/schema\/person\/a3497ebce8b6bd0bd3bb8dcc2646fa0f"},"breadcrumb":{"@id":"https:\/\/unesco.cultura.gov.it\/en\/news\/conferenza-sunken-memories-the-protection-of-underwater-cultural-heritage-9-dicembre-2021\/#breadcrumb"},"inLanguage":"en-US","potentialAction":[{"@type":"ReadAction","target":["https:\/\/unesco.cultura.gov.it\/en\/news\/conferenza-sunken-memories-the-protection-of-underwater-cultural-heritage-9-dicembre-2021\/"]}]},{"@type":"ImageObject","inLanguage":"en-US","@id":"https:\/\/unesco.cultura.gov.it\/en\/news\/conferenza-sunken-memories-the-protection-of-underwater-cultural-heritage-9-dicembre-2021\/#primaryimage","url":"https:\/\/unesco.cultura.gov.it\/wp-content\/uploads\/2021\/12\/tappo-save-the-date_RevSP_21_12_03_page-0001-scaled.jpg","contentUrl":"https:\/\/unesco.cultura.gov.it\/wp-content\/uploads\/2021\/12\/tappo-save-the-date_RevSP_21_12_03_page-0001-scaled.jpg","width":2560,"height":1440},{"@type":"BreadcrumbList","@id":"https:\/\/unesco.cultura.gov.it\/en\/news\/conferenza-sunken-memories-the-protection-of-underwater-cultural-heritage-9-dicembre-2021\/#breadcrumb","itemListElement":[{"@type":"ListItem","position":1,"name":"Home","item":"https:\/\/unesco.cultura.gov.it\/en\/"},{"@type":"ListItem","position":2,"name":"News","item":"https:\/\/unesco.cultura.gov.it\/en\/category\/news\/"},{"@type":"ListItem","position":3,"name":"Conferenza \u201cSunken Memories. The protection of underwater cultural heritage\u201d &#8211; 9 dicembre 2021 &#8211; online"}]},{"@type":"WebSite","@id":"https:\/\/unesco.cultura.gov.it\/en\/#website","url":"https:\/\/unesco.cultura.gov.it\/en\/","name":"Unesco Beni Culturali","description":"Ufficio UNESCO","potentialAction":[{"@type":"SearchAction","target":{"@type":"EntryPoint","urlTemplate":"https:\/\/unesco.cultura.gov.it\/en\/?s={search_term_string}"},"query-input":{"@type":"PropertyValueSpecification","valueRequired":true,"valueName":"search_term_string"}}],"inLanguage":"en-US"},{"@type":"Person","@id":"https:\/\/unesco.cultura.gov.it\/en\/#\/schema\/person\/a3497ebce8b6bd0bd3bb8dcc2646fa0f","name":"beniculturali","url":"https:\/\/unesco.cultura.gov.it\/en\/author\/unesco\/"}]}},"_links":{"self":[{"href":"https:\/\/unesco.cultura.gov.it\/en\/wp-json\/wp\/v2\/posts\/10479","targetHints":{"allow":["GET"]}}],"collection":[{"href":"https:\/\/unesco.cultura.gov.it\/en\/wp-json\/wp\/v2\/posts"}],"about":[{"href":"https:\/\/unesco.cultura.gov.it\/en\/wp-json\/wp\/v2\/types\/post"}],"author":[{"embeddable":true,"href":"https:\/\/unesco.cultura.gov.it\/en\/wp-json\/wp\/v2\/users\/1"}],"replies":[{"embeddable":true,"href":"https:\/\/unesco.cultura.gov.it\/en\/wp-json\/wp\/v2\/comments?post=10479"}],"version-history":[{"count":36,"href":"https:\/\/unesco.cultura.gov.it\/en\/wp-json\/wp\/v2\/posts\/10479\/revisions"}],"predecessor-version":[{"id":11482,"href":"https:\/\/unesco.cultura.gov.it\/en\/wp-json\/wp\/v2\/posts\/10479\/revisions\/11482"}],"wp:featuredmedia":[{"embeddable":true,"href":"https:\/\/unesco.cultura.gov.it\/en\/wp-json\/wp\/v2\/media\/10526"}],"wp:attachment":[{"href":"https:\/\/unesco.cultura.gov.it\/en\/wp-json\/wp\/v2\/media?parent=10479"}],"wp:term":[{"taxonomy":"category","embeddable":true,"href":"https:\/\/unesco.cultura.gov.it\/en\/wp-json\/wp\/v2\/categories?post=10479"},{"taxonomy":"post_tag","embeddable":true,"href":"https:\/\/unesco.cultura.gov.it\/en\/wp-json\/wp\/v2\/tags?post=10479"}],"curies":[{"name":"wp","href":"https:\/\/api.w.org\/{rel}","templated":true}]}}