{"id":10426,"date":"2021-11-08T12:11:20","date_gmt":"2021-11-08T11:11:20","guid":{"rendered":"https:\/\/www.unesco.cultura.gov.it\/?p=10426"},"modified":"2021-11-09T11:12:22","modified_gmt":"2021-11-09T10:12:22","slug":"save-the-date-conferenza-sunken-memories-the-protection-of-underwater-cultural-heritage-9-dicembre-2021","status":"publish","type":"post","link":"https:\/\/unesco.cultura.gov.it\/en\/news\/save-the-date-conferenza-sunken-memories-the-protection-of-underwater-cultural-heritage-9-dicembre-2021\/","title":{"rendered":"SAVE THE DATE &#8211; Conferenza \u201cSunken Memories. The protection of underwater cultural heritage\u201d &#8211; 9 dicembre 2021"},"content":{"rendered":"\n<p>In occasione del ventennale della Convenzione UNESCO per la protezione del patrimonio culturale sommerso (2001-2021), il 9 dicembre si terr\u00e0 la Conferenza internazionale dal titolo \u201cSunken Memories. The protection of underwater cultural heritage\u201d.<\/p>\n\n\n\n<p>L\u2019iniziativa \u00e8 organizzata dal Ministero della Cultura in collaborazione con il Segretariato della Convenzione.\u00a0<\/p>\n\n\n\n<p>La Conferenza, aperta sia al personale tecnico sia ad un pi\u00f9 ampio pubblico di esperti e portatori di interesse (Universit\u00e0, Musei, Amministrazioni locali, Autorit\u00e0 marittime), si terr\u00e0 in modalit\u00e0 digitale e potr\u00e0 essere seguita in diretta streaming sui canali Facebook e YouTube del MIC. E\u2019 prevista la traduzione simultanea.<\/p>\n","protected":false},"excerpt":{"rendered":"<p>In occasione del ventennale della Convenzione UNESCO per la protezione del patrimonio culturale sommerso (2001-2021), il 9 dicembre [&hellip;]<\/p>\n","protected":false},"author":1,"featured_media":10432,"comment_status":"closed","ping_status":"closed","sticky":false,"template":"","format":"standard","meta":{"_acf_changed":false,"footnotes":""},"categories":[81,2],"tags":[],"class_list":["post-10426","post","type-post","status-publish","format-standard","has-post-thumbnail","hentry","category-events","category-news"],"acf":[],"yoast_head":"<!-- This site is optimized with the Yoast SEO plugin v26.7 - https:\/\/yoast.com\/wordpress\/plugins\/seo\/ -->\n<title>SAVE THE DATE - Conferenza \u201cSunken Memories. The protection of underwater cultural heritage\u201d - 9 dicembre 2021 - Unesco Beni Culturali<\/title>\n<meta name=\"robots\" content=\"index, follow, max-snippet:-1, max-image-preview:large, max-video-preview:-1\" \/>\n<link rel=\"canonical\" href=\"https:\/\/unesco.cultura.gov.it\/en\/news\/save-the-date-conferenza-sunken-memories-the-protection-of-underwater-cultural-heritage-9-dicembre-2021\/\" \/>\n<meta property=\"og:locale\" content=\"en_US\" \/>\n<meta property=\"og:type\" content=\"article\" \/>\n<meta property=\"og:title\" content=\"SAVE THE DATE - Conferenza \u201cSunken Memories. The protection of underwater cultural heritage\u201d - 9 dicembre 2021 - Unesco Beni Culturali\" \/>\n<meta property=\"og:description\" content=\"In occasione del ventennale della Convenzione UNESCO per la protezione del patrimonio culturale sommerso (2001-2021), il 9 dicembre [&hellip;]\" \/>\n<meta property=\"og:url\" content=\"https:\/\/unesco.cultura.gov.it\/en\/news\/save-the-date-conferenza-sunken-memories-the-protection-of-underwater-cultural-heritage-9-dicembre-2021\/\" \/>\n<meta property=\"og:site_name\" content=\"Unesco Beni Culturali\" \/>\n<meta property=\"article:published_time\" content=\"2021-11-08T11:11:20+00:00\" \/>\n<meta property=\"article:modified_time\" content=\"2021-11-09T10:12:22+00:00\" \/>\n<meta property=\"og:image\" content=\"https:\/\/unesco.cultura.gov.it\/wp-content\/uploads\/2021\/11\/save-the-date-def.jpg\" \/>\n\t<meta property=\"og:image:width\" content=\"1571\" \/>\n\t<meta property=\"og:image:height\" content=\"859\" \/>\n\t<meta property=\"og:image:type\" content=\"image\/jpeg\" \/>\n<meta name=\"author\" content=\"beniculturali\" \/>\n<meta name=\"twitter:card\" content=\"summary_large_image\" \/>\n<meta name=\"twitter:label1\" content=\"Written by\" \/>\n\t<meta name=\"twitter:data1\" content=\"beniculturali\" \/>\n\t<meta name=\"twitter:label2\" content=\"Est. reading time\" \/>\n\t<meta name=\"twitter:data2\" content=\"1 minute\" \/>\n<script type=\"application\/ld+json\" class=\"yoast-schema-graph\">{\"@context\":\"https:\/\/schema.org\",\"@graph\":[{\"@type\":\"Article\",\"@id\":\"https:\/\/unesco.cultura.gov.it\/en\/news\/save-the-date-conferenza-sunken-memories-the-protection-of-underwater-cultural-heritage-9-dicembre-2021\/#article\",\"isPartOf\":{\"@id\":\"https:\/\/unesco.cultura.gov.it\/en\/news\/save-the-date-conferenza-sunken-memories-the-protection-of-underwater-cultural-heritage-9-dicembre-2021\/\"},\"author\":{\"name\":\"beniculturali\",\"@id\":\"https:\/\/unesco.cultura.gov.it\/en\/#\/schema\/person\/a3497ebce8b6bd0bd3bb8dcc2646fa0f\"},\"headline\":\"SAVE THE DATE &#8211; Conferenza \u201cSunken Memories. The protection of underwater cultural heritage\u201d &#8211; 9 dicembre 2021\",\"datePublished\":\"2021-11-08T11:11:20+00:00\",\"dateModified\":\"2021-11-09T10:12:22+00:00\",\"mainEntityOfPage\":{\"@id\":\"https:\/\/unesco.cultura.gov.it\/en\/news\/save-the-date-conferenza-sunken-memories-the-protection-of-underwater-cultural-heritage-9-dicembre-2021\/\"},\"wordCount\":110,\"image\":{\"@id\":\"https:\/\/unesco.cultura.gov.it\/en\/news\/save-the-date-conferenza-sunken-memories-the-protection-of-underwater-cultural-heritage-9-dicembre-2021\/#primaryimage\"},\"thumbnailUrl\":\"https:\/\/unesco.cultura.gov.it\/wp-content\/uploads\/2021\/11\/save-the-date-def.jpg\",\"articleSection\":[\"eventi\",\"News\"],\"inLanguage\":\"en-US\"},{\"@type\":\"WebPage\",\"@id\":\"https:\/\/unesco.cultura.gov.it\/en\/news\/save-the-date-conferenza-sunken-memories-the-protection-of-underwater-cultural-heritage-9-dicembre-2021\/\",\"url\":\"https:\/\/unesco.cultura.gov.it\/en\/news\/save-the-date-conferenza-sunken-memories-the-protection-of-underwater-cultural-heritage-9-dicembre-2021\/\",\"name\":\"SAVE THE DATE - Conferenza \u201cSunken Memories. The protection of underwater cultural heritage\u201d - 9 dicembre 2021 - Unesco Beni Culturali\",\"isPartOf\":{\"@id\":\"https:\/\/unesco.cultura.gov.it\/en\/#website\"},\"primaryImageOfPage\":{\"@id\":\"https:\/\/unesco.cultura.gov.it\/en\/news\/save-the-date-conferenza-sunken-memories-the-protection-of-underwater-cultural-heritage-9-dicembre-2021\/#primaryimage\"},\"image\":{\"@id\":\"https:\/\/unesco.cultura.gov.it\/en\/news\/save-the-date-conferenza-sunken-memories-the-protection-of-underwater-cultural-heritage-9-dicembre-2021\/#primaryimage\"},\"thumbnailUrl\":\"https:\/\/unesco.cultura.gov.it\/wp-content\/uploads\/2021\/11\/save-the-date-def.jpg\",\"datePublished\":\"2021-11-08T11:11:20+00:00\",\"dateModified\":\"2021-11-09T10:12:22+00:00\",\"author\":{\"@id\":\"https:\/\/unesco.cultura.gov.it\/en\/#\/schema\/person\/a3497ebce8b6bd0bd3bb8dcc2646fa0f\"},\"breadcrumb\":{\"@id\":\"https:\/\/unesco.cultura.gov.it\/en\/news\/save-the-date-conferenza-sunken-memories-the-protection-of-underwater-cultural-heritage-9-dicembre-2021\/#breadcrumb\"},\"inLanguage\":\"en-US\",\"potentialAction\":[{\"@type\":\"ReadAction\",\"target\":[\"https:\/\/unesco.cultura.gov.it\/en\/news\/save-the-date-conferenza-sunken-memories-the-protection-of-underwater-cultural-heritage-9-dicembre-2021\/\"]}]},{\"@type\":\"ImageObject\",\"inLanguage\":\"en-US\",\"@id\":\"https:\/\/unesco.cultura.gov.it\/en\/news\/save-the-date-conferenza-sunken-memories-the-protection-of-underwater-cultural-heritage-9-dicembre-2021\/#primaryimage\",\"url\":\"https:\/\/unesco.cultura.gov.it\/wp-content\/uploads\/2021\/11\/save-the-date-def.jpg\",\"contentUrl\":\"https:\/\/unesco.cultura.gov.it\/wp-content\/uploads\/2021\/11\/save-the-date-def.jpg\",\"width\":1571,\"height\":859},{\"@type\":\"BreadcrumbList\",\"@id\":\"https:\/\/unesco.cultura.gov.it\/en\/news\/save-the-date-conferenza-sunken-memories-the-protection-of-underwater-cultural-heritage-9-dicembre-2021\/#breadcrumb\",\"itemListElement\":[{\"@type\":\"ListItem\",\"position\":1,\"name\":\"Home\",\"item\":\"https:\/\/unesco.cultura.gov.it\/en\/\"},{\"@type\":\"ListItem\",\"position\":2,\"name\":\"News\",\"item\":\"https:\/\/unesco.cultura.gov.it\/en\/category\/news\/\"},{\"@type\":\"ListItem\",\"position\":3,\"name\":\"SAVE THE DATE &#8211; Conferenza \u201cSunken Memories. The protection of underwater cultural heritage\u201d &#8211; 9 dicembre 2021\"}]},{\"@type\":\"WebSite\",\"@id\":\"https:\/\/unesco.cultura.gov.it\/en\/#website\",\"url\":\"https:\/\/unesco.cultura.gov.it\/en\/\",\"name\":\"Unesco Beni Culturali\",\"description\":\"Ufficio UNESCO\",\"potentialAction\":[{\"@type\":\"SearchAction\",\"target\":{\"@type\":\"EntryPoint\",\"urlTemplate\":\"https:\/\/unesco.cultura.gov.it\/en\/?s={search_term_string}\"},\"query-input\":{\"@type\":\"PropertyValueSpecification\",\"valueRequired\":true,\"valueName\":\"search_term_string\"}}],\"inLanguage\":\"en-US\"},{\"@type\":\"Person\",\"@id\":\"https:\/\/unesco.cultura.gov.it\/en\/#\/schema\/person\/a3497ebce8b6bd0bd3bb8dcc2646fa0f\",\"name\":\"beniculturali\",\"url\":\"https:\/\/unesco.cultura.gov.it\/en\/author\/unesco\/\"}]}<\/script>\n<!-- \/ Yoast SEO plugin. -->","yoast_head_json":{"title":"SAVE THE DATE - Conferenza \u201cSunken Memories. The protection of underwater cultural heritage\u201d - 9 dicembre 2021 - Unesco Beni Culturali","robots":{"index":"index","follow":"follow","max-snippet":"max-snippet:-1","max-image-preview":"max-image-preview:large","max-video-preview":"max-video-preview:-1"},"canonical":"https:\/\/unesco.cultura.gov.it\/en\/news\/save-the-date-conferenza-sunken-memories-the-protection-of-underwater-cultural-heritage-9-dicembre-2021\/","og_locale":"en_US","og_type":"article","og_title":"SAVE THE DATE - Conferenza \u201cSunken Memories. The protection of underwater cultural heritage\u201d - 9 dicembre 2021 - Unesco Beni Culturali","og_description":"In occasione del ventennale della Convenzione UNESCO per la protezione del patrimonio culturale sommerso (2001-2021), il 9 dicembre [&hellip;]","og_url":"https:\/\/unesco.cultura.gov.it\/en\/news\/save-the-date-conferenza-sunken-memories-the-protection-of-underwater-cultural-heritage-9-dicembre-2021\/","og_site_name":"Unesco Beni Culturali","article_published_time":"2021-11-08T11:11:20+00:00","article_modified_time":"2021-11-09T10:12:22+00:00","og_image":[{"width":1571,"height":859,"url":"https:\/\/unesco.cultura.gov.it\/wp-content\/uploads\/2021\/11\/save-the-date-def.jpg","type":"image\/jpeg"}],"author":"beniculturali","twitter_card":"summary_large_image","twitter_misc":{"Written by":"beniculturali","Est. reading time":"1 minute"},"schema":{"@context":"https:\/\/schema.org","@graph":[{"@type":"Article","@id":"https:\/\/unesco.cultura.gov.it\/en\/news\/save-the-date-conferenza-sunken-memories-the-protection-of-underwater-cultural-heritage-9-dicembre-2021\/#article","isPartOf":{"@id":"https:\/\/unesco.cultura.gov.it\/en\/news\/save-the-date-conferenza-sunken-memories-the-protection-of-underwater-cultural-heritage-9-dicembre-2021\/"},"author":{"name":"beniculturali","@id":"https:\/\/unesco.cultura.gov.it\/en\/#\/schema\/person\/a3497ebce8b6bd0bd3bb8dcc2646fa0f"},"headline":"SAVE THE DATE &#8211; Conferenza \u201cSunken Memories. The protection of underwater cultural heritage\u201d &#8211; 9 dicembre 2021","datePublished":"2021-11-08T11:11:20+00:00","dateModified":"2021-11-09T10:12:22+00:00","mainEntityOfPage":{"@id":"https:\/\/unesco.cultura.gov.it\/en\/news\/save-the-date-conferenza-sunken-memories-the-protection-of-underwater-cultural-heritage-9-dicembre-2021\/"},"wordCount":110,"image":{"@id":"https:\/\/unesco.cultura.gov.it\/en\/news\/save-the-date-conferenza-sunken-memories-the-protection-of-underwater-cultural-heritage-9-dicembre-2021\/#primaryimage"},"thumbnailUrl":"https:\/\/unesco.cultura.gov.it\/wp-content\/uploads\/2021\/11\/save-the-date-def.jpg","articleSection":["eventi","News"],"inLanguage":"en-US"},{"@type":"WebPage","@id":"https:\/\/unesco.cultura.gov.it\/en\/news\/save-the-date-conferenza-sunken-memories-the-protection-of-underwater-cultural-heritage-9-dicembre-2021\/","url":"https:\/\/unesco.cultura.gov.it\/en\/news\/save-the-date-conferenza-sunken-memories-the-protection-of-underwater-cultural-heritage-9-dicembre-2021\/","name":"SAVE THE DATE - Conferenza \u201cSunken Memories. The protection of underwater cultural heritage\u201d - 9 dicembre 2021 - Unesco Beni Culturali","isPartOf":{"@id":"https:\/\/unesco.cultura.gov.it\/en\/#website"},"primaryImageOfPage":{"@id":"https:\/\/unesco.cultura.gov.it\/en\/news\/save-the-date-conferenza-sunken-memories-the-protection-of-underwater-cultural-heritage-9-dicembre-2021\/#primaryimage"},"image":{"@id":"https:\/\/unesco.cultura.gov.it\/en\/news\/save-the-date-conferenza-sunken-memories-the-protection-of-underwater-cultural-heritage-9-dicembre-2021\/#primaryimage"},"thumbnailUrl":"https:\/\/unesco.cultura.gov.it\/wp-content\/uploads\/2021\/11\/save-the-date-def.jpg","datePublished":"2021-11-08T11:11:20+00:00","dateModified":"2021-11-09T10:12:22+00:00","author":{"@id":"https:\/\/unesco.cultura.gov.it\/en\/#\/schema\/person\/a3497ebce8b6bd0bd3bb8dcc2646fa0f"},"breadcrumb":{"@id":"https:\/\/unesco.cultura.gov.it\/en\/news\/save-the-date-conferenza-sunken-memories-the-protection-of-underwater-cultural-heritage-9-dicembre-2021\/#breadcrumb"},"inLanguage":"en-US","potentialAction":[{"@type":"ReadAction","target":["https:\/\/unesco.cultura.gov.it\/en\/news\/save-the-date-conferenza-sunken-memories-the-protection-of-underwater-cultural-heritage-9-dicembre-2021\/"]}]},{"@type":"ImageObject","inLanguage":"en-US","@id":"https:\/\/unesco.cultura.gov.it\/en\/news\/save-the-date-conferenza-sunken-memories-the-protection-of-underwater-cultural-heritage-9-dicembre-2021\/#primaryimage","url":"https:\/\/unesco.cultura.gov.it\/wp-content\/uploads\/2021\/11\/save-the-date-def.jpg","contentUrl":"https:\/\/unesco.cultura.gov.it\/wp-content\/uploads\/2021\/11\/save-the-date-def.jpg","width":1571,"height":859},{"@type":"BreadcrumbList","@id":"https:\/\/unesco.cultura.gov.it\/en\/news\/save-the-date-conferenza-sunken-memories-the-protection-of-underwater-cultural-heritage-9-dicembre-2021\/#breadcrumb","itemListElement":[{"@type":"ListItem","position":1,"name":"Home","item":"https:\/\/unesco.cultura.gov.it\/en\/"},{"@type":"ListItem","position":2,"name":"News","item":"https:\/\/unesco.cultura.gov.it\/en\/category\/news\/"},{"@type":"ListItem","position":3,"name":"SAVE THE DATE &#8211; Conferenza \u201cSunken Memories. The protection of underwater cultural heritage\u201d &#8211; 9 dicembre 2021"}]},{"@type":"WebSite","@id":"https:\/\/unesco.cultura.gov.it\/en\/#website","url":"https:\/\/unesco.cultura.gov.it\/en\/","name":"Unesco Beni Culturali","description":"Ufficio UNESCO","potentialAction":[{"@type":"SearchAction","target":{"@type":"EntryPoint","urlTemplate":"https:\/\/unesco.cultura.gov.it\/en\/?s={search_term_string}"},"query-input":{"@type":"PropertyValueSpecification","valueRequired":true,"valueName":"search_term_string"}}],"inLanguage":"en-US"},{"@type":"Person","@id":"https:\/\/unesco.cultura.gov.it\/en\/#\/schema\/person\/a3497ebce8b6bd0bd3bb8dcc2646fa0f","name":"beniculturali","url":"https:\/\/unesco.cultura.gov.it\/en\/author\/unesco\/"}]}},"_links":{"self":[{"href":"https:\/\/unesco.cultura.gov.it\/en\/wp-json\/wp\/v2\/posts\/10426","targetHints":{"allow":["GET"]}}],"collection":[{"href":"https:\/\/unesco.cultura.gov.it\/en\/wp-json\/wp\/v2\/posts"}],"about":[{"href":"https:\/\/unesco.cultura.gov.it\/en\/wp-json\/wp\/v2\/types\/post"}],"author":[{"embeddable":true,"href":"https:\/\/unesco.cultura.gov.it\/en\/wp-json\/wp\/v2\/users\/1"}],"replies":[{"embeddable":true,"href":"https:\/\/unesco.cultura.gov.it\/en\/wp-json\/wp\/v2\/comments?post=10426"}],"version-history":[{"count":2,"href":"https:\/\/unesco.cultura.gov.it\/en\/wp-json\/wp\/v2\/posts\/10426\/revisions"}],"predecessor-version":[{"id":10435,"href":"https:\/\/unesco.cultura.gov.it\/en\/wp-json\/wp\/v2\/posts\/10426\/revisions\/10435"}],"wp:featuredmedia":[{"embeddable":true,"href":"https:\/\/unesco.cultura.gov.it\/en\/wp-json\/wp\/v2\/media\/10432"}],"wp:attachment":[{"href":"https:\/\/unesco.cultura.gov.it\/en\/wp-json\/wp\/v2\/media?parent=10426"}],"wp:term":[{"taxonomy":"category","embeddable":true,"href":"https:\/\/unesco.cultura.gov.it\/en\/wp-json\/wp\/v2\/categories?post=10426"},{"taxonomy":"post_tag","embeddable":true,"href":"https:\/\/unesco.cultura.gov.it\/en\/wp-json\/wp\/v2\/tags?post=10426"}],"curies":[{"name":"wp","href":"https:\/\/api.w.org\/{rel}","templated":true}]}}