{"id":10120,"date":"2021-07-26T14:58:43","date_gmt":"2021-07-26T12:58:43","guid":{"rendered":"https:\/\/www.unesco.cultura.gov.it\/?p=10120"},"modified":"2021-07-26T14:58:44","modified_gmt":"2021-07-26T12:58:44","slug":"le-grandi-citta-termali-deuropa-con-montecatini-terme-dichiarate-sito-patrimonio-mondiale-unesco","status":"publish","type":"post","link":"https:\/\/unesco.cultura.gov.it\/en\/news\/le-grandi-citta-termali-deuropa-con-montecatini-terme-dichiarate-sito-patrimonio-mondiale-unesco\/","title":{"rendered":"\u201cLe Grandi Citt\u00e0 termali d&#8217;Europa\u201d con Montecatini Terme dichiarate sito Patrimonio Mondiale UNESCO"},"content":{"rendered":"\n<p>Montecatini Terme, parte componente della candidatura seriale transazionale \u201cLe Grandi Citt\u00e0 termali d&#8217;Europa\u201d, \u00e8 stata iscritta nella prestigiosa Lista per decisione del Comitato del Patrimonio Mondiale nella sua 44a sessione in corso a Fuzhou (Cina), divenendo cos\u00ec il 56esimo sito italiano.<\/p>\n\n\n\n<p>Il Comitato ha riconosciuto il sito, composto da 11 citt\u00e0 in 7 Stati &#8211; Montecatini Terme in Italia, Baden bei Wien in Austria, Spa in Belgio, Franti\u0161kovy L\u00e1zn\u011b, Karlovy Vary, Mari\u00e1nsk\u00e9 L\u00e1zn\u011b nella Repubblica Ceca, Vichy in Francia,\u00a0 Bad Ems, Bad Kissingen, Baden Baden in Germania e Citt\u00e0 di Bath nel Regno Unito \u00a0&#8211; quale eccezionale testimonianza della cultura termale, un fenomeno specificatamente europeo che ha avuto la sua massima espressione a partire dal XVIII fino agli anni &#8217;30 del XX secolo.<\/p>\n\n\n\n<p>\u201cLe Grandi Citt\u00e0 termali d&#8217;Europa\u201d rappresentano un importante interscambio di idee innovative che hanno dato impulso a progressi nel campo della medicina e della balneologia e all\u2019incremento delle attivit\u00e0 ricreative attraverso la valorizzazione delle sorgenti naturali e lo sviluppo di citt\u00e0, quartieri, parchi, architetture e infrastrutture dedicati alla salute e al tempo libero, influenzando lo sviluppo e la popolarit\u00e0 delle citt\u00e0 termali in tutta Europa e in altre parti del mondo.<\/p>\n\n\n\n<p>L\u2019ambiziosa candidatura, coordinata per l\u2019Italia dal Ministero della Cultura insieme alla Rappresentanza Permanente d\u2019Italia a Parigi e al Ministero degli Affari Esteri e della Cooperazione Internazionale e promossa dal Comune di Montecatini Terme, \u00e8 frutto della sinergica collaborazione, avviata nel 2012, tra le istituzioni e gli esperti messi in campo dai diversi paesi coinvolti che si ritroveranno a lavorare insieme per gestire questo patrimonio d\u2019importanza mondiale in funzione della sua conservazione e valorizzazione.<\/p>\n","protected":false},"excerpt":{"rendered":"<p>Montecatini Terme, parte componente della candidatura seriale transazionale \u201cLe Grandi Citt\u00e0 termali d&#8217;Europa\u201d, \u00e8 stata iscritta nella prestigiosa [&hellip;]<\/p>\n","protected":false},"author":1,"featured_media":10126,"comment_status":"closed","ping_status":"closed","sticky":false,"template":"","format":"standard","meta":{"_acf_changed":false,"footnotes":""},"categories":[81,2],"tags":[],"class_list":["post-10120","post","type-post","status-publish","format-standard","has-post-thumbnail","hentry","category-events","category-news"],"acf":[],"yoast_head":"<!-- This site is optimized with the Yoast SEO plugin v26.7 - https:\/\/yoast.com\/wordpress\/plugins\/seo\/ -->\n<title>\u201cLe Grandi Citt\u00e0 termali d&#039;Europa\u201d con Montecatini Terme dichiarate sito Patrimonio Mondiale UNESCO - Unesco Beni Culturali<\/title>\n<meta name=\"robots\" content=\"index, follow, max-snippet:-1, max-image-preview:large, max-video-preview:-1\" \/>\n<link rel=\"canonical\" href=\"https:\/\/unesco.cultura.gov.it\/en\/news\/le-grandi-citta-termali-deuropa-con-montecatini-terme-dichiarate-sito-patrimonio-mondiale-unesco\/\" \/>\n<meta property=\"og:locale\" content=\"en_US\" \/>\n<meta property=\"og:type\" content=\"article\" \/>\n<meta property=\"og:title\" content=\"\u201cLe Grandi Citt\u00e0 termali d&#039;Europa\u201d con Montecatini Terme dichiarate sito Patrimonio Mondiale UNESCO - Unesco Beni Culturali\" \/>\n<meta property=\"og:description\" content=\"Montecatini Terme, parte componente della candidatura seriale transazionale \u201cLe Grandi Citt\u00e0 termali d&#8217;Europa\u201d, \u00e8 stata iscritta nella prestigiosa [&hellip;]\" \/>\n<meta property=\"og:url\" content=\"https:\/\/unesco.cultura.gov.it\/en\/news\/le-grandi-citta-termali-deuropa-con-montecatini-terme-dichiarate-sito-patrimonio-mondiale-unesco\/\" \/>\n<meta property=\"og:site_name\" content=\"Unesco Beni Culturali\" \/>\n<meta property=\"article:published_time\" content=\"2021-07-26T12:58:43+00:00\" \/>\n<meta property=\"article:modified_time\" content=\"2021-07-26T12:58:44+00:00\" \/>\n<meta property=\"og:image\" content=\"https:\/\/unesco.cultura.gov.it\/wp-content\/uploads\/2021\/07\/Terme-Tettuccio3-scaled.jpg\" \/>\n\t<meta property=\"og:image:width\" content=\"2560\" \/>\n\t<meta property=\"og:image:height\" content=\"1700\" \/>\n\t<meta property=\"og:image:type\" content=\"image\/jpeg\" \/>\n<meta name=\"author\" content=\"beniculturali\" \/>\n<meta name=\"twitter:card\" content=\"summary_large_image\" \/>\n<meta name=\"twitter:label1\" content=\"Written by\" \/>\n\t<meta name=\"twitter:data1\" content=\"beniculturali\" \/>\n\t<meta name=\"twitter:label2\" content=\"Est. reading time\" \/>\n\t<meta name=\"twitter:data2\" content=\"2 minutes\" \/>\n<script type=\"application\/ld+json\" class=\"yoast-schema-graph\">{\"@context\":\"https:\/\/schema.org\",\"@graph\":[{\"@type\":\"Article\",\"@id\":\"https:\/\/unesco.cultura.gov.it\/en\/news\/le-grandi-citta-termali-deuropa-con-montecatini-terme-dichiarate-sito-patrimonio-mondiale-unesco\/#article\",\"isPartOf\":{\"@id\":\"https:\/\/unesco.cultura.gov.it\/en\/news\/le-grandi-citta-termali-deuropa-con-montecatini-terme-dichiarate-sito-patrimonio-mondiale-unesco\/\"},\"author\":{\"name\":\"beniculturali\",\"@id\":\"https:\/\/unesco.cultura.gov.it\/en\/#\/schema\/person\/a3497ebce8b6bd0bd3bb8dcc2646fa0f\"},\"headline\":\"\u201cLe Grandi Citt\u00e0 termali d&#8217;Europa\u201d con Montecatini Terme dichiarate sito Patrimonio Mondiale UNESCO\",\"datePublished\":\"2021-07-26T12:58:43+00:00\",\"dateModified\":\"2021-07-26T12:58:44+00:00\",\"mainEntityOfPage\":{\"@id\":\"https:\/\/unesco.cultura.gov.it\/en\/news\/le-grandi-citta-termali-deuropa-con-montecatini-terme-dichiarate-sito-patrimonio-mondiale-unesco\/\"},\"wordCount\":284,\"image\":{\"@id\":\"https:\/\/unesco.cultura.gov.it\/en\/news\/le-grandi-citta-termali-deuropa-con-montecatini-terme-dichiarate-sito-patrimonio-mondiale-unesco\/#primaryimage\"},\"thumbnailUrl\":\"https:\/\/unesco.cultura.gov.it\/wp-content\/uploads\/2021\/07\/Terme-Tettuccio3-scaled.jpg\",\"articleSection\":[\"eventi\",\"News\"],\"inLanguage\":\"en-US\"},{\"@type\":\"WebPage\",\"@id\":\"https:\/\/unesco.cultura.gov.it\/en\/news\/le-grandi-citta-termali-deuropa-con-montecatini-terme-dichiarate-sito-patrimonio-mondiale-unesco\/\",\"url\":\"https:\/\/unesco.cultura.gov.it\/en\/news\/le-grandi-citta-termali-deuropa-con-montecatini-terme-dichiarate-sito-patrimonio-mondiale-unesco\/\",\"name\":\"\u201cLe Grandi Citt\u00e0 termali d'Europa\u201d con Montecatini Terme dichiarate sito Patrimonio Mondiale UNESCO - Unesco Beni Culturali\",\"isPartOf\":{\"@id\":\"https:\/\/unesco.cultura.gov.it\/en\/#website\"},\"primaryImageOfPage\":{\"@id\":\"https:\/\/unesco.cultura.gov.it\/en\/news\/le-grandi-citta-termali-deuropa-con-montecatini-terme-dichiarate-sito-patrimonio-mondiale-unesco\/#primaryimage\"},\"image\":{\"@id\":\"https:\/\/unesco.cultura.gov.it\/en\/news\/le-grandi-citta-termali-deuropa-con-montecatini-terme-dichiarate-sito-patrimonio-mondiale-unesco\/#primaryimage\"},\"thumbnailUrl\":\"https:\/\/unesco.cultura.gov.it\/wp-content\/uploads\/2021\/07\/Terme-Tettuccio3-scaled.jpg\",\"datePublished\":\"2021-07-26T12:58:43+00:00\",\"dateModified\":\"2021-07-26T12:58:44+00:00\",\"author\":{\"@id\":\"https:\/\/unesco.cultura.gov.it\/en\/#\/schema\/person\/a3497ebce8b6bd0bd3bb8dcc2646fa0f\"},\"breadcrumb\":{\"@id\":\"https:\/\/unesco.cultura.gov.it\/en\/news\/le-grandi-citta-termali-deuropa-con-montecatini-terme-dichiarate-sito-patrimonio-mondiale-unesco\/#breadcrumb\"},\"inLanguage\":\"en-US\",\"potentialAction\":[{\"@type\":\"ReadAction\",\"target\":[\"https:\/\/unesco.cultura.gov.it\/en\/news\/le-grandi-citta-termali-deuropa-con-montecatini-terme-dichiarate-sito-patrimonio-mondiale-unesco\/\"]}]},{\"@type\":\"ImageObject\",\"inLanguage\":\"en-US\",\"@id\":\"https:\/\/unesco.cultura.gov.it\/en\/news\/le-grandi-citta-termali-deuropa-con-montecatini-terme-dichiarate-sito-patrimonio-mondiale-unesco\/#primaryimage\",\"url\":\"https:\/\/unesco.cultura.gov.it\/wp-content\/uploads\/2021\/07\/Terme-Tettuccio3-scaled.jpg\",\"contentUrl\":\"https:\/\/unesco.cultura.gov.it\/wp-content\/uploads\/2021\/07\/Terme-Tettuccio3-scaled.jpg\",\"width\":2560,\"height\":1700},{\"@type\":\"BreadcrumbList\",\"@id\":\"https:\/\/unesco.cultura.gov.it\/en\/news\/le-grandi-citta-termali-deuropa-con-montecatini-terme-dichiarate-sito-patrimonio-mondiale-unesco\/#breadcrumb\",\"itemListElement\":[{\"@type\":\"ListItem\",\"position\":1,\"name\":\"Home\",\"item\":\"https:\/\/unesco.cultura.gov.it\/en\/\"},{\"@type\":\"ListItem\",\"position\":2,\"name\":\"News\",\"item\":\"https:\/\/unesco.cultura.gov.it\/en\/category\/news\/\"},{\"@type\":\"ListItem\",\"position\":3,\"name\":\"\u201cLe Grandi Citt\u00e0 termali d&#8217;Europa\u201d con Montecatini Terme dichiarate sito Patrimonio Mondiale UNESCO\"}]},{\"@type\":\"WebSite\",\"@id\":\"https:\/\/unesco.cultura.gov.it\/en\/#website\",\"url\":\"https:\/\/unesco.cultura.gov.it\/en\/\",\"name\":\"Unesco Beni Culturali\",\"description\":\"Ufficio UNESCO\",\"potentialAction\":[{\"@type\":\"SearchAction\",\"target\":{\"@type\":\"EntryPoint\",\"urlTemplate\":\"https:\/\/unesco.cultura.gov.it\/en\/?s={search_term_string}\"},\"query-input\":{\"@type\":\"PropertyValueSpecification\",\"valueRequired\":true,\"valueName\":\"search_term_string\"}}],\"inLanguage\":\"en-US\"},{\"@type\":\"Person\",\"@id\":\"https:\/\/unesco.cultura.gov.it\/en\/#\/schema\/person\/a3497ebce8b6bd0bd3bb8dcc2646fa0f\",\"name\":\"beniculturali\",\"url\":\"https:\/\/unesco.cultura.gov.it\/en\/author\/unesco\/\"}]}<\/script>\n<!-- \/ Yoast SEO plugin. -->","yoast_head_json":{"title":"\u201cLe Grandi Citt\u00e0 termali d'Europa\u201d con Montecatini Terme dichiarate sito Patrimonio Mondiale UNESCO - Unesco Beni Culturali","robots":{"index":"index","follow":"follow","max-snippet":"max-snippet:-1","max-image-preview":"max-image-preview:large","max-video-preview":"max-video-preview:-1"},"canonical":"https:\/\/unesco.cultura.gov.it\/en\/news\/le-grandi-citta-termali-deuropa-con-montecatini-terme-dichiarate-sito-patrimonio-mondiale-unesco\/","og_locale":"en_US","og_type":"article","og_title":"\u201cLe Grandi Citt\u00e0 termali d'Europa\u201d con Montecatini Terme dichiarate sito Patrimonio Mondiale UNESCO - Unesco Beni Culturali","og_description":"Montecatini Terme, parte componente della candidatura seriale transazionale \u201cLe Grandi Citt\u00e0 termali d&#8217;Europa\u201d, \u00e8 stata iscritta nella prestigiosa [&hellip;]","og_url":"https:\/\/unesco.cultura.gov.it\/en\/news\/le-grandi-citta-termali-deuropa-con-montecatini-terme-dichiarate-sito-patrimonio-mondiale-unesco\/","og_site_name":"Unesco Beni Culturali","article_published_time":"2021-07-26T12:58:43+00:00","article_modified_time":"2021-07-26T12:58:44+00:00","og_image":[{"width":2560,"height":1700,"url":"https:\/\/unesco.cultura.gov.it\/wp-content\/uploads\/2021\/07\/Terme-Tettuccio3-scaled.jpg","type":"image\/jpeg"}],"author":"beniculturali","twitter_card":"summary_large_image","twitter_misc":{"Written by":"beniculturali","Est. reading time":"2 minutes"},"schema":{"@context":"https:\/\/schema.org","@graph":[{"@type":"Article","@id":"https:\/\/unesco.cultura.gov.it\/en\/news\/le-grandi-citta-termali-deuropa-con-montecatini-terme-dichiarate-sito-patrimonio-mondiale-unesco\/#article","isPartOf":{"@id":"https:\/\/unesco.cultura.gov.it\/en\/news\/le-grandi-citta-termali-deuropa-con-montecatini-terme-dichiarate-sito-patrimonio-mondiale-unesco\/"},"author":{"name":"beniculturali","@id":"https:\/\/unesco.cultura.gov.it\/en\/#\/schema\/person\/a3497ebce8b6bd0bd3bb8dcc2646fa0f"},"headline":"\u201cLe Grandi Citt\u00e0 termali d&#8217;Europa\u201d con Montecatini Terme dichiarate sito Patrimonio Mondiale UNESCO","datePublished":"2021-07-26T12:58:43+00:00","dateModified":"2021-07-26T12:58:44+00:00","mainEntityOfPage":{"@id":"https:\/\/unesco.cultura.gov.it\/en\/news\/le-grandi-citta-termali-deuropa-con-montecatini-terme-dichiarate-sito-patrimonio-mondiale-unesco\/"},"wordCount":284,"image":{"@id":"https:\/\/unesco.cultura.gov.it\/en\/news\/le-grandi-citta-termali-deuropa-con-montecatini-terme-dichiarate-sito-patrimonio-mondiale-unesco\/#primaryimage"},"thumbnailUrl":"https:\/\/unesco.cultura.gov.it\/wp-content\/uploads\/2021\/07\/Terme-Tettuccio3-scaled.jpg","articleSection":["eventi","News"],"inLanguage":"en-US"},{"@type":"WebPage","@id":"https:\/\/unesco.cultura.gov.it\/en\/news\/le-grandi-citta-termali-deuropa-con-montecatini-terme-dichiarate-sito-patrimonio-mondiale-unesco\/","url":"https:\/\/unesco.cultura.gov.it\/en\/news\/le-grandi-citta-termali-deuropa-con-montecatini-terme-dichiarate-sito-patrimonio-mondiale-unesco\/","name":"\u201cLe Grandi Citt\u00e0 termali d'Europa\u201d con Montecatini Terme dichiarate sito Patrimonio Mondiale UNESCO - Unesco Beni Culturali","isPartOf":{"@id":"https:\/\/unesco.cultura.gov.it\/en\/#website"},"primaryImageOfPage":{"@id":"https:\/\/unesco.cultura.gov.it\/en\/news\/le-grandi-citta-termali-deuropa-con-montecatini-terme-dichiarate-sito-patrimonio-mondiale-unesco\/#primaryimage"},"image":{"@id":"https:\/\/unesco.cultura.gov.it\/en\/news\/le-grandi-citta-termali-deuropa-con-montecatini-terme-dichiarate-sito-patrimonio-mondiale-unesco\/#primaryimage"},"thumbnailUrl":"https:\/\/unesco.cultura.gov.it\/wp-content\/uploads\/2021\/07\/Terme-Tettuccio3-scaled.jpg","datePublished":"2021-07-26T12:58:43+00:00","dateModified":"2021-07-26T12:58:44+00:00","author":{"@id":"https:\/\/unesco.cultura.gov.it\/en\/#\/schema\/person\/a3497ebce8b6bd0bd3bb8dcc2646fa0f"},"breadcrumb":{"@id":"https:\/\/unesco.cultura.gov.it\/en\/news\/le-grandi-citta-termali-deuropa-con-montecatini-terme-dichiarate-sito-patrimonio-mondiale-unesco\/#breadcrumb"},"inLanguage":"en-US","potentialAction":[{"@type":"ReadAction","target":["https:\/\/unesco.cultura.gov.it\/en\/news\/le-grandi-citta-termali-deuropa-con-montecatini-terme-dichiarate-sito-patrimonio-mondiale-unesco\/"]}]},{"@type":"ImageObject","inLanguage":"en-US","@id":"https:\/\/unesco.cultura.gov.it\/en\/news\/le-grandi-citta-termali-deuropa-con-montecatini-terme-dichiarate-sito-patrimonio-mondiale-unesco\/#primaryimage","url":"https:\/\/unesco.cultura.gov.it\/wp-content\/uploads\/2021\/07\/Terme-Tettuccio3-scaled.jpg","contentUrl":"https:\/\/unesco.cultura.gov.it\/wp-content\/uploads\/2021\/07\/Terme-Tettuccio3-scaled.jpg","width":2560,"height":1700},{"@type":"BreadcrumbList","@id":"https:\/\/unesco.cultura.gov.it\/en\/news\/le-grandi-citta-termali-deuropa-con-montecatini-terme-dichiarate-sito-patrimonio-mondiale-unesco\/#breadcrumb","itemListElement":[{"@type":"ListItem","position":1,"name":"Home","item":"https:\/\/unesco.cultura.gov.it\/en\/"},{"@type":"ListItem","position":2,"name":"News","item":"https:\/\/unesco.cultura.gov.it\/en\/category\/news\/"},{"@type":"ListItem","position":3,"name":"\u201cLe Grandi Citt\u00e0 termali d&#8217;Europa\u201d con Montecatini Terme dichiarate sito Patrimonio Mondiale UNESCO"}]},{"@type":"WebSite","@id":"https:\/\/unesco.cultura.gov.it\/en\/#website","url":"https:\/\/unesco.cultura.gov.it\/en\/","name":"Unesco Beni Culturali","description":"Ufficio UNESCO","potentialAction":[{"@type":"SearchAction","target":{"@type":"EntryPoint","urlTemplate":"https:\/\/unesco.cultura.gov.it\/en\/?s={search_term_string}"},"query-input":{"@type":"PropertyValueSpecification","valueRequired":true,"valueName":"search_term_string"}}],"inLanguage":"en-US"},{"@type":"Person","@id":"https:\/\/unesco.cultura.gov.it\/en\/#\/schema\/person\/a3497ebce8b6bd0bd3bb8dcc2646fa0f","name":"beniculturali","url":"https:\/\/unesco.cultura.gov.it\/en\/author\/unesco\/"}]}},"_links":{"self":[{"href":"https:\/\/unesco.cultura.gov.it\/en\/wp-json\/wp\/v2\/posts\/10120","targetHints":{"allow":["GET"]}}],"collection":[{"href":"https:\/\/unesco.cultura.gov.it\/en\/wp-json\/wp\/v2\/posts"}],"about":[{"href":"https:\/\/unesco.cultura.gov.it\/en\/wp-json\/wp\/v2\/types\/post"}],"author":[{"embeddable":true,"href":"https:\/\/unesco.cultura.gov.it\/en\/wp-json\/wp\/v2\/users\/1"}],"replies":[{"embeddable":true,"href":"https:\/\/unesco.cultura.gov.it\/en\/wp-json\/wp\/v2\/comments?post=10120"}],"version-history":[{"count":3,"href":"https:\/\/unesco.cultura.gov.it\/en\/wp-json\/wp\/v2\/posts\/10120\/revisions"}],"predecessor-version":[{"id":10134,"href":"https:\/\/unesco.cultura.gov.it\/en\/wp-json\/wp\/v2\/posts\/10120\/revisions\/10134"}],"wp:featuredmedia":[{"embeddable":true,"href":"https:\/\/unesco.cultura.gov.it\/en\/wp-json\/wp\/v2\/media\/10126"}],"wp:attachment":[{"href":"https:\/\/unesco.cultura.gov.it\/en\/wp-json\/wp\/v2\/media?parent=10120"}],"wp:term":[{"taxonomy":"category","embeddable":true,"href":"https:\/\/unesco.cultura.gov.it\/en\/wp-json\/wp\/v2\/categories?post=10120"},{"taxonomy":"post_tag","embeddable":true,"href":"https:\/\/unesco.cultura.gov.it\/en\/wp-json\/wp\/v2\/tags?post=10120"}],"curies":[{"name":"wp","href":"https:\/\/api.w.org\/{rel}","templated":true}]}}